{"id":73462,"date":"2013-10-10T12:11:37","date_gmt":"2013-10-10T15:11:37","guid":{"rendered":"http:\/\/www.r2cpress.com.br\/v1\/?p=73462"},"modified":"2013-10-10T12:11:37","modified_gmt":"2013-10-10T15:11:37","slug":"medico-e-preso-em-irai","status":"publish","type":"post","link":"https:\/\/www.r2cpress.com.br\/v1\/2013\/10\/10\/medico-e-preso-em-irai\/","title":{"rendered":"M\u00e9dico \u00e9 preso em Ira\u00ed"},"content":{"rendered":"<h1><a title=\"Preso\" href=\"http:\/\/www.policiacivil.rs.gov.br\/upload\/HD_20131009124223_cod24683.jpg\" rel=\"lightbox[300]\"> <img title=\"Preso\" alt=\"Preso\" src=\"http:\/\/www.policiacivil.rs.gov.br\/upload\/MD_20131009124223_cod24683.jpg\" width=\"268\" \/> <\/a><\/h1>\n<div>Policiais da Delegacia de Pol\u00edcia (DP) de Ira\u00ed prenderam, nesta manh\u00e3 de quarta-feira (09\/10), naquele munic\u00edpio, <a id=\"_GPLITA_1\" title=\"Click to Continue &gt; by CouponDropDown\" href=\"http:\/\/www.policiacivil.rs.gov.br\/conteudo.php?cod_conteudo=24683&amp;cod_menu=461#\">um<\/a> m\u00e9dico, contra o qual existe mandado de pris\u00e3o preventiva expedido pela comarca da cidade de Ilheus, na Bahia. Segundo o delegado Vin\u00edcius Louren\u00e7o de Assun\u00e7\u00e3o, o m\u00e9dico j\u00e1 estava h\u00e1 cerca de sete anos atuando profissionalmente na cidade de Ira\u00ed. O indiv\u00edduo \u00e9 suspeito de cometer homic\u00eddio doloso (aquele com a inten\u00e7\u00e3o de matar), contra sua esposa. O fato teria ocorrido no ano de 1997, naquela cidade baiana. Ap\u00f3s os procedimentos legais, de Pol\u00edcia Judici\u00e1ria, o preso ser\u00e1 encaminhado ao Pres\u00eddio de Ira\u00ed.<\/div>\n<p>Fonte: DP de Ira\u00ed<\/p>\n<p>Harrison Andrade<\/p>\n<p>CQR<\/p>\n<p>&#8212;<\/p>\n<p>Pol\u00edcia Civil do Rio Grande do S<\/p>\n<p>http:\/\/www.policiacivil.rs.gov.br\/conteudo.php?cod_conteudo=24683&#038;cod_menu=461ul<\/p>\n","protected":false},"excerpt":{"rendered":"<p>Policiais da Delegacia de Pol\u00edcia (DP) de Ira\u00ed prenderam, nesta manh\u00e3 de quarta-feira (09\/10), naquele munic\u00edpio, um m\u00e9dico, contra o qual existe mandado de pris\u00e3o preventiva expedido pela comarca da cidade de Ilheus, na Bahia. Segundo o delegado Vin\u00edcius Louren\u00e7o de Assun\u00e7\u00e3o, o m\u00e9dico j\u00e1 estava h\u00e1 cerca de sete anos atuando profissionalmente na cidade [&hellip;]<\/p>\n","protected":false},"author":2,"featured_media":0,"comment_status":"open","ping_status":"open","sticky":false,"template":"","format":"standard","meta":{"_links_to":"","_links_to_target":""},"categories":[25],"tags":[],"_links":{"self":[{"href":"https:\/\/www.r2cpress.com.br\/v1\/wp-json\/wp\/v2\/posts\/73462"}],"collection":[{"href":"https:\/\/www.r2cpress.com.br\/v1\/wp-json\/wp\/v2\/posts"}],"about":[{"href":"https:\/\/www.r2cpress.com.br\/v1\/wp-json\/wp\/v2\/types\/post"}],"author":[{"embeddable":true,"href":"https:\/\/www.r2cpress.com.br\/v1\/wp-json\/wp\/v2\/users\/2"}],"replies":[{"embeddable":true,"href":"https:\/\/www.r2cpress.com.br\/v1\/wp-json\/wp\/v2\/comments?post=73462"}],"version-history":[{"count":3,"href":"https:\/\/www.r2cpress.com.br\/v1\/wp-json\/wp\/v2\/posts\/73462\/revisions"}],"predecessor-version":[{"id":73465,"href":"https:\/\/www.r2cpress.com.br\/v1\/wp-json\/wp\/v2\/posts\/73462\/revisions\/73465"}],"wp:attachment":[{"href":"https:\/\/www.r2cpress.com.br\/v1\/wp-json\/wp\/v2\/media?parent=73462"}],"wp:term":[{"taxonomy":"category","embeddable":true,"href":"https:\/\/www.r2cpress.com.br\/v1\/wp-json\/wp\/v2\/categories?post=73462"},{"taxonomy":"post_tag","embeddable":true,"href":"https:\/\/www.r2cpress.com.br\/v1\/wp-json\/wp\/v2\/tags?post=73462"}],"curies":[{"name":"wp","href":"https:\/\/api.w.org\/{rel}","templated":true}]}}