{"id":7351,"date":"2011-01-24T22:50:23","date_gmt":"2011-01-25T01:50:23","guid":{"rendered":"http:\/\/www.r2cpress.com.br\/v1\/?p=7351"},"modified":"2011-01-24T22:50:23","modified_gmt":"2011-01-25T01:50:23","slug":"1%c2%ba-festival-de-cinema-transcendental","status":"publish","type":"post","link":"https:\/\/www.r2cpress.com.br\/v1\/2011\/01\/24\/1%c2%ba-festival-de-cinema-transcendental\/","title":{"rendered":"1\u00ba Festival de Cinema Transcendental"},"content":{"rendered":"<p><strong>Bras\u00edlia<\/strong>, 12.01.2011 &#8211; Est\u00e3o abertas as inscri\u00e7\u00f5es para a Mostra Competitiva de Curta Metragem que far\u00e1 parte da primeira edi\u00e7\u00e3o do Festival de Cinema Transcendental. O festival acontece entre os dias 24 e 27 de mar\u00e7o de 2011, e ter\u00e1 Bras\u00edlia como sede.<\/p>\n<p>Para o coordenador do Festival, Lucas de P\u00e1dua, esse ser\u00e1 um momento de divulga\u00e7\u00e3o de novos talentos. \u201cA Mostra servir\u00e1 para revelar diretores e produtores, interessados em explorar esta tem\u00e1tica. Al\u00e9m disso, com a premia\u00e7\u00e3o, visamos estimular a produ\u00e7\u00e3o de v\u00eddeos e filmes do g\u00eanero\u201d.<\/p>\n<p>Poder\u00e3o participar da Mostra Competitiva, filmes de at\u00e9 25min de dura\u00e7\u00e3o nas categorias Fic\u00e7\u00e3o e Document\u00e1rio. Os vencedores ser\u00e3o premiados com o TROF\u00c9U LUZ no dia 27 de mar\u00e7o de 2011, em Bras\u00edlia, onde ser\u00e3o eleitos os ganhadores das categorias Melhor Curta do Festival e Melhor Dire\u00e7\u00e3o, al\u00e9m da escolha do p\u00fablico do Melhor Curta do J\u00fari Popular. As inscri\u00e7\u00f5es para participar da Mostra Competitiva devem ser feitas at\u00e9 o dia 15 de fevereiro de 2011.<\/p>\n<p><strong>Festival Transcendental<\/strong><\/p>\n<p><!--more--><\/p>\n<p>Al\u00e9m da Mostra, o p\u00fablico poder\u00e1 acompanhar os longas que ser\u00e3o exibidos no Festival: \u201cAs m\u00e3es de Chico Xavier\u201d &#8211; com dire\u00e7\u00e3o de Glauber Filho e Halder Gomes e nomes como Herson Capri e Caio Blat no elenco -, \u201cRicky\u201d &#8211; com dire\u00e7\u00e3o de Fran\u00e7ois Ozon &#8211; e \u201cO Contestado &#8211; Restos Mortais\u201d. Este \u00faltimo com dire\u00e7\u00e3o de Sylvio Back.<\/p>\n<p>O evento \u00e9 organizado pela Esta\u00e7\u00e3o da Luz &#8211; produtora de dos filmes \u201cChico Xavier\u201d e \u201cBezerra de Menezes: o Di\u00e1rio de um Esp\u00edrito\u201d, respectivamente &#8211; e ser\u00e1 um espa\u00e7o para a exibi\u00e7\u00e3o de trabalhos sobre o g\u00eanero transcendental. \u201cO objetivo \u00e9 a promo\u00e7\u00e3o de filmes e v\u00eddeos que remetem \u00e0 espiritualidade, aos fatos que a ci\u00eancia n\u00e3o pode explicar, e a busca da religiosidade em cada um. O Festival tamb\u00e9m se prop\u00f5e em uma maior aproxima\u00e7\u00e3o das diversas denomina\u00e7\u00f5es religiosas\u201d, explica Lucas de P\u00e1dua, coordenador do evento.<\/p>\n<p><strong>Bras\u00edlia e Fortaleza<\/strong><\/p>\n<p>E Bras\u00edlia n\u00e3o ser\u00e1 a \u00fanica a prestigiar os filmes. Outra capital receber\u00e1 o Festival. Entre os dias 28 e 31 de mar\u00e7o ser\u00e1 a vez do p\u00fablico de Fortaleza debater os temas exibidos. Segundo Lucas de P\u00e1dua, o p\u00fablico pode esperar um grande evento de confraterniza\u00e7\u00e3o nas duas cidades. \u201cO p\u00fablico pode esperar um evento solid\u00e1rio, com arrecada\u00e7\u00e3o de alimentos. Ser\u00e1 um momento de confraterniza\u00e7\u00e3o de pessoas de v\u00e1rios pensamentos e correntes, unidos pelo ideal do bem e do amor. O p\u00fablico vai participar de um evento com filmes de qualidade, selecionados por cr\u00edticos especialistas, e respeito \u00e0 diversidade religiosa\u201d, completa.<\/p>\n<p><strong>O tema transcendental<\/strong><\/p>\n<p>Voc\u00ea sabe o que significa o g\u00eanero transcendental? Segundo Lucas de P\u00e1dua \u201ctrata-se de um movimento cultural e art\u00edstico que tem como objetivo aliar t\u00e9cnicas e conceitos, ou seja, a busca de uma arte mais voltada \u00e0 solidariedade e a religiosidade\u201d. O g\u00eanero nasceu em Fortaleza com a Mostra de Teatro Transcendental, que teve sua primeira edi\u00e7\u00e3o em 2003. Ao partir para o cinema, o g\u00eanero tem o objetivo de levar ao p\u00fablico mensagens de paz, de amor e caridade.<\/p>\n<p>O tema transcendental \u00e9 rico de experi\u00eancias e relatos que afetam o cotidiano e mexem com quest\u00f5es como cren\u00e7as do imagin\u00e1rio popular, chama a aten\u00e7\u00e3o do p\u00fablico para os valores e quest\u00f5es relacionados \u00e0 vida humana. O g\u00eanero traz aspectos esclarecedores para uma das pergunta mais importante que fazemos a n\u00f3s mesmos: Por que estamos aqui?<\/p>\n<p><strong>Servi\u00e7o<\/strong><\/p>\n<p>1\u00ba Festival de Cinema Transcendental<br \/>\nBras\u00edlia (DF) &#8211; De 24 a 27 de mar\u00e7o de 2011<br \/>\nFortaleza (CE) &#8211; De 28 a 31 de mar\u00e7o de 2011<br \/>\nIngresso: 2kg de alimento n\u00e3o perec\u00edvel<br \/>\nMais informa\u00e7&#038;o tilde;es: Esta\u00e7\u00e3o da Luz pelo telefone (85) 3260-5140<br \/>\nFrisson Comunica\u00e7\u00e3o: (61) 3964-8104<br \/>\nSite: www.cinematranscendental.com.br<br \/>\nFONTE PARA ENTREVISTAS: Lucas de P\u00e1dua (62) 9967-1282<br \/>\nResponder<\/p>\n<p>Responder a todos<\/p>\n<p>Encaminhar<\/p>\n","protected":false},"excerpt":{"rendered":"<p>Bras\u00edlia, 12.01.2011 &#8211; Est\u00e3o abertas as inscri\u00e7\u00f5es para a Mostra Competitiva de Curta Metragem que far\u00e1 parte da primeira edi\u00e7\u00e3o do Festival de Cinema Transcendental. O festival acontece entre os dias 24 e 27 de mar\u00e7o de 2011, e ter\u00e1 Bras\u00edlia como sede. Para o coordenador do Festival, Lucas de P\u00e1dua, esse ser\u00e1 um momento [&hellip;]<\/p>\n","protected":false},"author":2,"featured_media":0,"comment_status":"open","ping_status":"open","sticky":false,"template":"","format":"standard","meta":{"_links_to":"","_links_to_target":""},"categories":[5],"tags":[],"_links":{"self":[{"href":"https:\/\/www.r2cpress.com.br\/v1\/wp-json\/wp\/v2\/posts\/7351"}],"collection":[{"href":"https:\/\/www.r2cpress.com.br\/v1\/wp-json\/wp\/v2\/posts"}],"about":[{"href":"https:\/\/www.r2cpress.com.br\/v1\/wp-json\/wp\/v2\/types\/post"}],"author":[{"embeddable":true,"href":"https:\/\/www.r2cpress.com.br\/v1\/wp-json\/wp\/v2\/users\/2"}],"replies":[{"embeddable":true,"href":"https:\/\/www.r2cpress.com.br\/v1\/wp-json\/wp\/v2\/comments?post=7351"}],"version-history":[{"count":1,"href":"https:\/\/www.r2cpress.com.br\/v1\/wp-json\/wp\/v2\/posts\/7351\/revisions"}],"predecessor-version":[{"id":7352,"href":"https:\/\/www.r2cpress.com.br\/v1\/wp-json\/wp\/v2\/posts\/7351\/revisions\/7352"}],"wp:attachment":[{"href":"https:\/\/www.r2cpress.com.br\/v1\/wp-json\/wp\/v2\/media?parent=7351"}],"wp:term":[{"taxonomy":"category","embeddable":true,"href":"https:\/\/www.r2cpress.com.br\/v1\/wp-json\/wp\/v2\/categories?post=7351"},{"taxonomy":"post_tag","embeddable":true,"href":"https:\/\/www.r2cpress.com.br\/v1\/wp-json\/wp\/v2\/tags?post=7351"}],"curies":[{"name":"wp","href":"https:\/\/api.w.org\/{rel}","templated":true}]}}