{"id":73553,"date":"2013-10-12T21:01:15","date_gmt":"2013-10-13T00:01:15","guid":{"rendered":"http:\/\/www.r2cpress.com.br\/v1\/?p=73553"},"modified":"2013-10-12T21:01:15","modified_gmt":"2013-10-13T00:01:15","slug":"amigos-farao-passeata-em-protesto-contra-morte-de-irmaos","status":"publish","type":"post","link":"https:\/\/www.r2cpress.com.br\/v1\/2013\/10\/12\/amigos-farao-passeata-em-protesto-contra-morte-de-irmaos\/","title":{"rendered":"Amigos far\u00e3o passeata em protesto contra morte de irm\u00e3os"},"content":{"rendered":"<h3>Emanuel e Emanuelle Gomes foram sepultados no final da manh\u00e3 deste s\u00e1bado<\/h3>\n<div id=\"ferramentas_2\"><b>Da Reda\u00e7\u00e3o<\/b><\/div>\n<p>Os dois irm\u00e3os que morreram depois que a moto em que estavam bateu em um poste em frente ao Ondina Apart Hotel, na sexta-feira (11), foram sepultados na manh\u00e3 deste s\u00e1bado (12). Familiares e amigos participaram da cerim\u00f4nia no Cemit\u00e9rio Campo Santo, na Federa\u00e7\u00e3o.<\/p>\n<p>Durante o enterro, a m\u00e3e n\u00e3o quis falar com a imprensa. Em entrevista ao Bahia Meio Dia, um primo de Emanuel e Emanuelle Gomes falou em nome da m\u00e3e dos dois, Marinubia Gomes. &#8220;Ela disse que a vida ela acabou, que tem um oco dentro dela, porque o que havia de mais precioso foi tirado dela&#8221;, relatou Victor Dias.<\/p>\n<div>\n<p><img alt=\"\" src=\"http:\/\/www.correio24horas.com.br\/fileadmin\/user_upload\/tt_news\/AFotos1\/irmaosacidente.jpg\" \/><br \/>\n<b>Emanuel trabalhava como modelo, assim como a irm\u00e3, que tamb\u00e9m cursava Direito<\/b><\/p>\n<\/div>\n<p>Amigos e parentes marcaram uma passeata em protesto pela morte dos dois irm\u00e3os. A caminhada ser\u00e1 neste domingo (13), no Farol da Barra, a partir das 15h. A manifesta\u00e7\u00e3o tem apoio da Uni\u00e3o dos Moto Clubes e Moto Grupos de Salvador.<\/p>\n<p><b>Leia tamb\u00e9m:<br \/>\n<\/b><a title=\"Opens external link in new window\" href=\"http:\/\/www.correio24horas.com.br\/noticias\/detalhes\/detalhes-1\/artigo\/enterro-de-irmaos-que-morreram-em-acidente-sera-neste-sabado-as-10h\/\" target=\"_blank\">&#8220;Eles eram muito ligados&#8221;, diz tia de irm\u00e3os mortos em Ondina\u00a0<\/a><b><br \/>\n<\/b><a title=\"Opens external link in new window\" href=\"http:\/\/www.correio24horas.com.br\/noticias\/detalhes\/detalhes-1\/artigo\/medica-envolvida-em-acidente-que-matou-irmaos-esta-sob-custodia-em-hospital\/\" target=\"_blank\">M\u00e9dica envolvida em acidente que matou irm\u00e3os est\u00e1 sob cust\u00f3dia em hospital<\/a><br \/>\n<a title=\"Opens external link in new window\" href=\"http:\/\/www.correio24horas.com.br\/noticias\/detalhes\/detalhes-1\/artigo\/policia-pede-imagens-de-cameras-para-apurar-se-acidente-que-matou-irmaos-foi-intencional\/\" target=\"_blank\">Pol\u00edcia pede imagens de c\u00e2meras para apurar se acidente que matou irm\u00e3os foi intencional<\/a><br \/>\n<a title=\"Opens external link in new window\" href=\"http:\/\/www.correio24horas.com.br\/noticias\/detalhes\/detalhes-1\/artigo\/casal-morre-ao-bater-contra-poste-em-frente-a-hotel-em-ondina\/\" target=\"_blank\">Casal de irm\u00e3os morre ao bater contra poste em frente a hotel em Ondina<\/a><br \/>\n<a title=\"Opens external link in new window\" href=\"http:\/\/www.correio24horas.com.br\/noticias\/detalhes\/detalhes-1\/artigo\/meus-deus-que-dor-lamenta-mae-de-irmaos-emanuel-e-emanuelle-em-rede-social\/\" target=\"_blank\">&#8220;Meus Deus! que dor&#8221;, lamenta m\u00e3e de irm\u00e3os Emanuel e Emanuelle em rede social<\/a><a title=\"Opens external link in new window\" href=\"http:\/\/www.correio24horas.com.br\/noticias\/detalhes\/detalhes-1\/artigo\/meus-deus-que-dor-lamenta-mae-de-irmaos-emanuel-e-emanuelle-em-rede-social\/\" target=\"_blank\"><br \/>\n<\/a><\/p>\n<p>A m\u00e9dica K\u00e1tia Vargas Leal Pereira, 45, envolvida no acidente, permanece internada no Hospital Alian\u00e7a, sob cust\u00f3dia da pol\u00edcia. O advogado da oftalmologista entrou com pedido de relaxamento da pris\u00e3o em flagrante. Ele vai pedir que K\u00e1tia responda ao processo em liberdade.<\/p>\n<p><b>Discuss\u00e3o<\/b><br \/>\nO acidente ocorreu por volta de 8h desta sexta-feira (11). Emanuel, que completaria 22 anos na ter\u00e7a-feira (15), trabalhava como modelo, assim como a irm\u00e3, que tamb\u00e9m cursava Direito. Ele levava a irm\u00e3 ao aeroporto.<\/p>\n<p>Antes de bater no poste, a moto em que a dupla estava, uma Yamaha XTZ (placa NTQ-8040), foi atingida por um Kia Sorento branco (placa NZK-6668), guiado pela m\u00e9dica oftalmologista K\u00e1tia Vargas. De acordo com a delegada Jussara Souza, titular da 7\u00aa Delegacia, a m\u00e9dica ser\u00e1 indiciada por homic\u00eddio com dolo eventual (quando se assume o risco de matar algu\u00e9m).<\/p>\n<p>A delegada se baseia em imagens de c\u00e2meras de seguran\u00e7a que filmaram o acidente. Segundo Jussara, a m\u00e9dica dirigia em alta velocidade, o que provocou uma discuss\u00e3o com Emanuel, que chegou a bater com o capacete no cap\u00f4 do Sorento.<\/p>\n<p>Em seguida, ainda de acordo com a delegada, K\u00e1tia saiu em persegui\u00e7\u00e3o \u00e0 moto, o que acabou gerando um toque. Ent\u00e3o, Emanuel perdeu o controle e terminou batendo direto no poste. Ele e irm\u00e3 morreram na hora.<\/p>\n<p><b><img loading=\"lazy\" alt=\"\" src=\"http:\/\/www.correio24horas.com.br\/fileadmin\/user_upload\/tt_news\/AFotos1\/acidente_ondina.jpg\" width=\"540\" height=\"303\" \/><br \/>\nMoto\u00a0<\/b><b>bateu em um poste em frente ao Ondina Apart Hotel. Irm\u00e3os morreram na hora<\/b><\/p>\n<p><b>Imagens<\/b><br \/>\nAs imagens analisadas pela delegada confirmam o depoimento de quem viu o acidente. De acordo com testemunhas, a motocicleta havia sido fechada pelo Sorento na esquina da Rua do Escravo Miguel com a Avenida Oce\u00e2nica, antes mesmo da primeira colis\u00e3o.<\/p>\n<p>O lavador de carros Maur\u00edcio Fran\u00e7a de Jesus assistiu \u00e0 cena. Segundo ele, ap\u00f3s a fechada, Emanuel e K\u00e1tia discutiram. \u201cEla fechou a moto, da\u00ed come\u00e7aram a discutir. Ela deixou ele acelerar e depois bateu nele por tr\u00e1s. Depois ela saiu bambeando com o carro e bateu\u201d, disse Maur\u00edcio.<\/p>\n<p>Sem se identificar, um taxista disse que ambos furaram o sinal em alta velocidade. \u201cEle bateu no cap\u00f4 do carro, na certa para dizer que ela estava errada, e ela acelerou. Pelo visto, ela perdeu o controle, pegou na moto e eles foram direto no poste\u201d.<\/p>\n<p>Funcion\u00e1rios do Ondina Apart Hotel, tamb\u00e9m pedindo anonimato, contaram que K\u00e1tia chegou a entrar na contram\u00e3o depois que a moto bateu no poste. \u201cEla jogou o carro na contram\u00e3o, ia bater com outro carro, ent\u00e3o fez a volta e jogou o carro em cima da cal\u00e7ada\u201d, contou um funcion\u00e1rio. Segundo ele, a m\u00e9dica frequentava uma academia no apart.<\/p>\n<p>O aposentado Ant\u00f4nio Tabajara,\u00a0 72 anos, que costuma sentar diariamente em frente ao port\u00e3o onde K\u00e1tia bateu, disse que escapou por pouco. \u201cEu ouvi a pancada, mas n\u00e3o tive perna para levantar. Por pouco, n\u00e3o fui atingido\u201d, contou. Segundo Tabajara, a m\u00e9dica saiu do carro andando e demonstrava estar muito nervosa.<\/p>\n<p><b>Veja o v\u00eddeo que mostra o momento em que a m\u00e9dica persegue a dupla:<\/b><\/p>\n<p><center><iframe loading=\"lazy\" width=\"420\" height=\"315\" src=\"\/\/www.youtube.com\/embed\/HH58Kv193eA\" frameborder=\"0\" allowfullscreen><\/iframe><\/center><\/p>\n<p>&#8212;<br \/>\nDa Reda\u00e7\u00e3o<br \/>\nCORREIO DA BAHIA<br \/>\nhttp:\/\/www.correio24horas.com.br\/noticias\/detalhes\/detalhes-1\/artigo\/amigos-farao-passeata-em-protesto-contra-morte-de-irmaos\/<\/p>\n","protected":false},"excerpt":{"rendered":"<p>Emanuel e Emanuelle Gomes foram sepultados no final da manh\u00e3 deste s\u00e1bado Da Reda\u00e7\u00e3o Os dois irm\u00e3os que morreram depois que a moto em que estavam bateu em um poste em frente ao Ondina Apart Hotel, na sexta-feira (11), foram sepultados na manh\u00e3 deste s\u00e1bado (12). Familiares e amigos participaram da cerim\u00f4nia no Cemit\u00e9rio Campo [&hellip;]<\/p>\n","protected":false},"author":2,"featured_media":0,"comment_status":"open","ping_status":"open","sticky":false,"template":"","format":"standard","meta":{"_links_to":"","_links_to_target":""},"categories":[13],"tags":[],"_links":{"self":[{"href":"https:\/\/www.r2cpress.com.br\/v1\/wp-json\/wp\/v2\/posts\/73553"}],"collection":[{"href":"https:\/\/www.r2cpress.com.br\/v1\/wp-json\/wp\/v2\/posts"}],"about":[{"href":"https:\/\/www.r2cpress.com.br\/v1\/wp-json\/wp\/v2\/types\/post"}],"author":[{"embeddable":true,"href":"https:\/\/www.r2cpress.com.br\/v1\/wp-json\/wp\/v2\/users\/2"}],"replies":[{"embeddable":true,"href":"https:\/\/www.r2cpress.com.br\/v1\/wp-json\/wp\/v2\/comments?post=73553"}],"version-history":[{"count":7,"href":"https:\/\/www.r2cpress.com.br\/v1\/wp-json\/wp\/v2\/posts\/73553\/revisions"}],"predecessor-version":[{"id":73560,"href":"https:\/\/www.r2cpress.com.br\/v1\/wp-json\/wp\/v2\/posts\/73553\/revisions\/73560"}],"wp:attachment":[{"href":"https:\/\/www.r2cpress.com.br\/v1\/wp-json\/wp\/v2\/media?parent=73553"}],"wp:term":[{"taxonomy":"category","embeddable":true,"href":"https:\/\/www.r2cpress.com.br\/v1\/wp-json\/wp\/v2\/categories?post=73553"},{"taxonomy":"post_tag","embeddable":true,"href":"https:\/\/www.r2cpress.com.br\/v1\/wp-json\/wp\/v2\/tags?post=73553"}],"curies":[{"name":"wp","href":"https:\/\/api.w.org\/{rel}","templated":true}]}}