{"id":73723,"date":"2013-10-16T00:30:55","date_gmt":"2013-10-16T03:30:55","guid":{"rendered":"http:\/\/www.r2cpress.com.br\/v1\/?p=73723"},"modified":"2013-10-16T00:42:18","modified_gmt":"2013-10-16T03:42:18","slug":"caso-ronaldo-santana","status":"publish","type":"post","link":"https:\/\/www.r2cpress.com.br\/v1\/2013\/10\/16\/caso-ronaldo-santana\/","title":{"rendered":"CASO RONALDO SANTANA"},"content":{"rendered":"<p><strong>Ap\u00f3s 16 anos, juiz marca julgamento do primeiro r\u00e9u <\/strong><\/p>\n<div style=\"width: 610px\" class=\"wp-caption aligncenter\"><img loading=\"lazy\" alt=\"\" src=\"https:\/\/lh4.googleusercontent.com\/-NB_yMoawlhQ\/Ul4HbalYZsI\/AAAAAAABL2M\/BADP8XAXmlE\/s600\/RONALDO%2520SANTANA%2520PORTAL%252008.jpg\" width=\"600\" height=\"346\" \/><p class=\"wp-caption-text\"><strong>As cr\u00edticas de Ronaldo Santana incomodaram<\/strong><\/p><\/div>\n<div>Ap\u00f3s 16 anos um dos quatro acusados de terem encomendado o crime contra o radialista Ronaldo Santana vai a j\u00fari popular. O primeiro julgamento foi marcado para a pr\u00f3xima segunda-feira, 21 de outubro, no sal\u00e3o do j\u00fari do F\u00f3rum Mario Albiani, no Bairro Dinah Borges, em Eun\u00e1polis. Trata-se do banc\u00e1rio Ant\u00f4nio Santos Oliveira, conhecido como Toninho da Caixa.<\/div>\n<p>H\u00e1 informa\u00e7\u00f5es que o r\u00e9u teria manifestado interesse em ser logo julgado perante o Tribunal do J\u00fari, desistindo dos prazos e recursos, por entender que essa demora lhe traz preju\u00edzos. A reda\u00e7\u00e3o do Portal 08 n\u00e3o conseguiu contato com o acusado. A informa\u00e7\u00e3o foi confirmada pelo juiz da 1\u00aa Vara Crime da Comarca de Eun\u00e1polis, Otaviano Sobrinho.<\/p>\n<p>Outro julgamento aguardado pela comunidade de Eun\u00e1polis, bem como pela imprensa internacional e os \u00f3rg\u00e3o de defesa dos direitos humanos, \u00e9 o do ex-prefeito Paulo Ernesto Ribeiro da Silva, o Paulo Dap\u00e9 ou Paulo Nacional. Ele \u00e9 acusado por um dos executores do radialista, Paulo C\u00e9sar Mendes Lima, que j\u00e1 cumpriu pena por este crime, de ser o autor intelectual do assassinato.<\/p>\n<p>Tudo indica que Dap\u00e9 ser\u00e1 julgado ainda este ano e situa\u00e7\u00e3o dele, perante \u00e9 justi\u00e7a, \u00e9 bastante fr\u00e1gil, tendo em vista que todos os recursos impetrados pelos advogados do ex-prefeito de Eun\u00e1polis j\u00e1 foram apreciados em todos os Tribunais. Mais dois envolvidos tamb\u00e9m dever\u00e3o ser julgados.<\/p>\n<p><strong>ENTENDA O CASO<\/strong><\/p>\n<p>\u00c0s 6:30 da manh\u00e3 de 9 de outubro de 1997, quando descia a ladeira da Rua Duque de Caxias, no Bairro Gusm\u00e3o, em Eun\u00e1polis, dirigindo-se para o seu local de trabalho, a R\u00e1dio Jornal de Eun\u00e1polis, Ronaldo Santana foi atingido \u00e0 queima roupa por quatro tiros disparados por um homem na garoupa de uma motocicleta. O filho do radialista, M\u00e1rcio Alan, estava ao lado do pai e assistiu \u00e0 agonia dos \u00faltimos momentos de vida.<\/p>\n<p>Meses ap\u00f3s, investiga\u00e7\u00f5es de uma equipe especial enviada pela Secretaria de Seguran\u00e7a P\u00fablica do Estado da Bahia concluiu o caso, indicando Paulo C\u00e9sar como o piloto da motocicleta e um atirador, cujo apelido seria \u201cDoutor\u201d teria feito os disparos. A morte de Ronaldo Santana teve repercuss\u00e3o internacional. Entidades de direitos humanos internacionais estiveram em Eun\u00e1polis apurando o caso. O jornalista e escritor Diogo Mainardi trata da quest\u00e3o na obra A Tapa e Pontap\u00e9s.<\/p>\n<p>Mais informa\u00e7\u00f5es nas pr\u00f3ximas atualiza\u00e7\u00f5es.<\/p>\n<p>&#8212;<\/p>\n<p>FONTE:<\/p>\n<p>PORTAL 08<\/p>\n<p><a href=\"http:\/\/www.portal08.com.br\/ler\/index.php?id=1166\">http:\/\/www.portal08.com.br\/ler\/index.php?id=1166<\/a><\/p>\n","protected":false},"excerpt":{"rendered":"<p>Ap\u00f3s 16 anos, juiz marca julgamento do primeiro r\u00e9u Ap\u00f3s 16 anos um dos quatro acusados de terem encomendado o crime contra o radialista Ronaldo Santana vai a j\u00fari popular. O primeiro julgamento foi marcado para a pr\u00f3xima segunda-feira, 21 de outubro, no sal\u00e3o do j\u00fari do F\u00f3rum Mario Albiani, no Bairro Dinah Borges, em [&hellip;]<\/p>\n","protected":false},"author":2,"featured_media":0,"comment_status":"open","ping_status":"open","sticky":false,"template":"","format":"standard","meta":{"_links_to":"","_links_to_target":""},"categories":[25],"tags":[],"_links":{"self":[{"href":"https:\/\/www.r2cpress.com.br\/v1\/wp-json\/wp\/v2\/posts\/73723"}],"collection":[{"href":"https:\/\/www.r2cpress.com.br\/v1\/wp-json\/wp\/v2\/posts"}],"about":[{"href":"https:\/\/www.r2cpress.com.br\/v1\/wp-json\/wp\/v2\/types\/post"}],"author":[{"embeddable":true,"href":"https:\/\/www.r2cpress.com.br\/v1\/wp-json\/wp\/v2\/users\/2"}],"replies":[{"embeddable":true,"href":"https:\/\/www.r2cpress.com.br\/v1\/wp-json\/wp\/v2\/comments?post=73723"}],"version-history":[{"count":3,"href":"https:\/\/www.r2cpress.com.br\/v1\/wp-json\/wp\/v2\/posts\/73723\/revisions"}],"predecessor-version":[{"id":73726,"href":"https:\/\/www.r2cpress.com.br\/v1\/wp-json\/wp\/v2\/posts\/73723\/revisions\/73726"}],"wp:attachment":[{"href":"https:\/\/www.r2cpress.com.br\/v1\/wp-json\/wp\/v2\/media?parent=73723"}],"wp:term":[{"taxonomy":"category","embeddable":true,"href":"https:\/\/www.r2cpress.com.br\/v1\/wp-json\/wp\/v2\/categories?post=73723"},{"taxonomy":"post_tag","embeddable":true,"href":"https:\/\/www.r2cpress.com.br\/v1\/wp-json\/wp\/v2\/tags?post=73723"}],"curies":[{"name":"wp","href":"https:\/\/api.w.org\/{rel}","templated":true}]}}