{"id":73727,"date":"2013-10-16T01:14:14","date_gmt":"2013-10-16T04:14:14","guid":{"rendered":"http:\/\/www.r2cpress.com.br\/v1\/?p=73727"},"modified":"2013-10-16T01:14:14","modified_gmt":"2013-10-16T04:14:14","slug":"laudo-vai-determinar-se-medica-que-causou-acidente-vai-para-hge-ou-delegacia-diz-advogado","status":"publish","type":"post","link":"https:\/\/www.r2cpress.com.br\/v1\/2013\/10\/16\/laudo-vai-determinar-se-medica-que-causou-acidente-vai-para-hge-ou-delegacia-diz-advogado\/","title":{"rendered":"Laudo vai determinar se m\u00e9dica que causou acidente vai para HGE ou delegacia, diz advogado"},"content":{"rendered":"<h2>A expectativa \u00e9 que o resultado da per\u00edcia seja entregue ao Minist\u00e9rio P\u00fablico na manh\u00e3 de quarta<\/h2>\n<div id=\"ferramentas_2\">\n<div>\n<p><b>Da Reda\u00e7\u00e3o<\/b><\/p>\n<\/div>\n<\/div>\n<p><em id=\"__mceDel\"><i>Atualizada \u00e0s 22h31<\/i><b><br \/>\n<\/b><\/em><\/p>\n<p>O resultado da per\u00edcia feita na m\u00e9dica K\u00e1tia Vargas nesta ter\u00e7a-feira (15) vai determinar se ela ser\u00e1 transferida para o Hospital Geral do Estado (HGE) ou vai para a delegacia prestar depoimento e, como teve a pris\u00e3o preventiva decretada, ficar presa. A informa\u00e7\u00e3o \u00e9 do advogado da fam\u00edlia Gomes, Daniel Keller, que acompanha o caso.<\/p>\n<p>A expectativa \u00e9 que o resultado da per\u00edcia seja entregue ao Minist\u00e9rio P\u00fablico na manh\u00e3 de quarta. O Departamento de Pol\u00edcia T\u00e9cnica (DPT), respons\u00e1vel pela per\u00edcia, preferiu n\u00e3o se manifestar. Os peritos, que sa\u00edram do Hospital Alian\u00e7a na tarde de hoje, tamb\u00e9m n\u00e3o quiseram comentar o caso.<\/p>\n<p><img alt=\"\" src=\"http:\/\/www.correio24horas.com.br\/fileadmin\/user_upload\/tt_news\/AFotos1\/irmaosacidente.jpg\" \/><b><br \/>\nEmanuel trabalhava como modelo, assim como a irm\u00e3, que tamb\u00e9m cursava Direito<\/b><\/p>\n<p>&#8220;Se o laudo informar que ela necessita de cuidados m\u00e9dicos, ela deve seguir para o HGE, que \u00e9 uma unidade de sa\u00fade que possui c\u00e1rcere, onde ela ficar\u00e1 custodiada. Se o laudo, por outro lado, informar que ela tem condi\u00e7\u00e3o de ter alta, ela vai ser conduzida a depor na delegacia. E de l\u00e1 ser\u00e1 conduzida at\u00e9 o pres\u00eddio feminino&#8221;, explica Keller.<\/p>\n<p>K\u00e1tia \u00e9 apontada pela pol\u00edcia como a respons\u00e1vel pelo acidente que matou os irm\u00e3os Emanuel e Emanuelle Gomes, 21 e 22 anos, na \u00faltima sexta-feira. Os irm\u00e3os estavam em uma moto que sofreu um toque do carro de K\u00e1tia depois de uma discuss\u00e3o e persegui\u00e7\u00e3o da m\u00e9dica. A moto bateu em um poste no bairro de Ondina e os jovens morreram no local. Para a pol\u00edcia, K\u00e1tia causou a batida de prop\u00f3sito.<\/p>\n<p><img loading=\"lazy\" title=\"Foto: Almiro Lopes\" alt=\"\" src=\"http:\/\/www.correio24horas.com.br\/uploads\/RTEmagicC_peritosalianca.jpg.jpg\" width=\"540\" height=\"350\" \/><br \/>\n<b>Peritos deixam Hospital Alian\u00e7a: resultado ser\u00e1 entregue ao Minist\u00e9rio P\u00fablico<\/b><\/p>\n<p><!--more--><\/p>\n<p>A oftalmologista est\u00e1 internada no Hospital Alian\u00e7a desde o dia do acidente. A decis\u00e3o de ser levada para um hospital particular foi questionada pelo promotor Davi Gallo, do Minist\u00e9rio P\u00fablico. \u201cEla passou por cima da lei\u201d, diz, acreditando que ela deveria ter sido encaminhada para uma institui\u00e7\u00e3o p\u00fablica de sa\u00fade. \u201cN\u00e3o entendemos por que ela foi para o (Hospital) Alian\u00e7a. No hospital p\u00fablico, ela teria todo o aparato de primeiros socorros. Al\u00e9m disso, ela est\u00e1 presa e deveria prestar declara\u00e7\u00f5es ao policial que estivesse no local, ao chegar. Num hospital p\u00fablico, ela tamb\u00e9m teria um lugar para ficar isolada\u201d, explicou o promotor.<\/p>\n<p>A reportagem n\u00e3o conseguiu falar com Vivaldo Amaral, advogado de K\u00e1tia, para saber se a defesa planeja entrar com pedido de habeas corpus para a suspeita.<\/p>\n<p><b>Leia tamb\u00e9m:<br \/>\n<\/b><span style=\"color: #333333; font-family: Tahoma, Geneva, sans-serif;\"><b><a title=\"Opens external link in new window\" href=\"http:\/\/www.correio24horas.com.br\/noticias\/detalhes\/detalhes-1\/artigo\/aniversario-se-faz-em-casa-nao-no-cemiterio-desabafa-pai-de-jovem-que-faria-22-anos-hoje\/\" target=\"_blank\">&#8216;Anivers\u00e1rio se faz em casa, n\u00e3o no cemit\u00e9rio&#8217;, desabafa pai de jovem que faria 22 anos hoje<\/a><br \/>\n<\/b><\/span><b><a title=\"Opens external link in new window\" href=\"http:\/\/www.correio24horas.com.br\/noticias\/detalhes\/detalhes-1\/artigo\/mp-pede-que-perito-avalie-saude-de-medica-envolvida-em-acidente-que-matou-irmaos\/\" target=\"_blank\">MP pede que perito avalie sa\u00fade de m\u00e9dica envolvida em acidente que matou irm\u00e3os<\/a><br \/>\n<\/b><b><a title=\"Opens external link in new window\" href=\"http:\/\/www.correio24horas.com.br\/noticias\/detalhes\/detalhes-1\/artigo\/eu-peco-que-ela-reflita-o-que-ela-fez-desabafa-mae-de-irmaos-mortos-em-ondina-durante-passeata\/\" target=\"_blank\">&#8220;Eu pe\u00e7o que ela reflita sobre o que ela fez&#8221;, desabafa m\u00e3e de irm\u00e3os mortos em Ondina durante passeata<\/a><br \/>\n<\/b><b><\/b><b><a title=\"Opens external link in new window\" href=\"http:\/\/www.correio24horas.com.br\/noticias\/detalhes\/detalhes-1\/artigo\/enterro-de-irmaos-que-morreram-em-acidente-sera-neste-sabado-as-10h\/\" target=\"_blank\">&#8220;Eles eram muito ligados&#8221;, diz tia de irm\u00e3os mortos em Ondina\u00a0<\/a><br \/>\n<\/b><b><\/b><b><a title=\"Opens external link in new window\" href=\"http:\/\/www.correio24horas.com.br\/noticias\/detalhes\/detalhes-1\/artigo\/medica-envolvida-em-acidente-que-matou-irmaos-esta-sob-custodia-em-hospital\/\" target=\"_blank\">M\u00e9dica envolvida em acidente que matou irm\u00e3os est\u00e1 sob cust\u00f3dia em hospital<\/a><br \/>\nC<\/b><b><\/b><b><a title=\"Opens external link in new window\" href=\"http:\/\/www.correio24horas.com.br\/noticias\/detalhes\/detalhes-1\/artigo\/casal-morre-ao-bater-contra-poste-em-frente-a-hotel-em-ondina\/\" target=\"_blank\">asal de irm\u00e3os morre ao bater contra poste em frente a hotel em Ondina<\/a>\u00a0<\/b><\/p>\n<p><img loading=\"lazy\" alt=\"\" src=\"http:\/\/w1.c24hsttc.net\/uploads\/RTEmagicC_2639b9977a.jpg.jpg\" width=\"540\" height=\"355\" \/><b><br \/>\nM\u00e9dica seguiu moto em alta velocidade; acidente matou dois irm\u00e3os<\/b><b><\/b><\/p>\n<p><b>Protesto<\/b><br \/>\nNa tarde desta ter\u00e7a, familiares e amigos dos irm\u00e3os fizeram um protesto em frente ao F\u00f3rum Criminal, em Sussuarana. Marin\u00fabia Gomes, m\u00e3e dos dois, compareceu, mas saiu antes do fim, muito emocionada. Ela agradeceu a todos o apoio que tem recebido. &#8220;A nossa luta, a luta da Justi\u00e7a e da popula\u00e7\u00e3o, \u00e9 contra a impunidade&#8221;, afirmou. &#8220;Emanuel era um doce. Emanuel me beijava todo dia (&#8230;) Meu filho n\u00e3o era violento. Emanuelle j\u00e1 era outra personalidade, madura, independente, respons\u00e1vel&#8221;, contou.<\/p>\n<p>Os motociclistas voltaram a apoiar a manifesta\u00e7\u00e3o, pedindo mais seguran\u00e7a e respeito no tr\u00e2nsito e pedindo a pris\u00e3o da m\u00e9dica. &#8220;N\u00e3o vamos permitir que esse estado de viol\u00eancia contra os motociclistas continue&#8221;, disse um dos participantes.<\/p>\n<p>No local, os manifestantes cantaram &#8220;parab\u00e9ns&#8221; para Emanuel, que completaria 22 anos nesta ter\u00e7a.<\/p>\n<p>Emocionada com o anivers\u00e1rio do filho, Marinubia deixou uma mensagem na p\u00e1gina do Facebook do filho. &#8220;Meu amor, Meu filho, essas flores s\u00e3o pra vc filho! Feliz anivers\u00e1rio! Hoje vc completa 22 anos e eu sempre te amarei!&#8221;, disse na rede social.<\/p>\n<p>O Minist\u00e9rio P\u00fablico tem inten\u00e7\u00e3o de denunciar K\u00e1tia Pereira por homic\u00eddio triplamente qualificado. Caso seja condenada pelo crime, a m\u00e9dica pode pegar de dez a trinta anos de pris\u00e3o por cada crime, chegando ao total de uma pena de 24 a 60 anos de pris\u00e3o.<\/p>\n<p>&#8212;<\/p>\n<p><strong>CORREIO DA BAHIA<\/strong><\/p>\n<p><a href=\"http:\/\/www.correio24horas.com.br\/noticias\/detalhes\/detalhes-1\/artigo\/laudo-vai-determinar-se-medica-que-causou-acidente-vai-para-hge-ou-delegacia-diz-advogado\/\">http:\/\/www.correio24horas.com.br\/noticias\/detalhes\/detalhes-1\/artigo\/laudo-vai-determinar-se-medica-que-causou-acidente-vai-para-hge-ou-delegacia-diz-advogado\/<\/a><\/p>\n","protected":false},"excerpt":{"rendered":"<p>A expectativa \u00e9 que o resultado da per\u00edcia seja entregue ao Minist\u00e9rio P\u00fablico na manh\u00e3 de quarta Da Reda\u00e7\u00e3o Atualizada \u00e0s 22h31 O resultado da per\u00edcia feita na m\u00e9dica K\u00e1tia Vargas nesta ter\u00e7a-feira (15) vai determinar se ela ser\u00e1 transferida para o Hospital Geral do Estado (HGE) ou vai para a delegacia prestar depoimento e, [&hellip;]<\/p>\n","protected":false},"author":2,"featured_media":0,"comment_status":"open","ping_status":"open","sticky":false,"template":"","format":"standard","meta":{"_links_to":"","_links_to_target":""},"categories":[13],"tags":[],"_links":{"self":[{"href":"https:\/\/www.r2cpress.com.br\/v1\/wp-json\/wp\/v2\/posts\/73727"}],"collection":[{"href":"https:\/\/www.r2cpress.com.br\/v1\/wp-json\/wp\/v2\/posts"}],"about":[{"href":"https:\/\/www.r2cpress.com.br\/v1\/wp-json\/wp\/v2\/types\/post"}],"author":[{"embeddable":true,"href":"https:\/\/www.r2cpress.com.br\/v1\/wp-json\/wp\/v2\/users\/2"}],"replies":[{"embeddable":true,"href":"https:\/\/www.r2cpress.com.br\/v1\/wp-json\/wp\/v2\/comments?post=73727"}],"version-history":[{"count":3,"href":"https:\/\/www.r2cpress.com.br\/v1\/wp-json\/wp\/v2\/posts\/73727\/revisions"}],"predecessor-version":[{"id":73730,"href":"https:\/\/www.r2cpress.com.br\/v1\/wp-json\/wp\/v2\/posts\/73727\/revisions\/73730"}],"wp:attachment":[{"href":"https:\/\/www.r2cpress.com.br\/v1\/wp-json\/wp\/v2\/media?parent=73727"}],"wp:term":[{"taxonomy":"category","embeddable":true,"href":"https:\/\/www.r2cpress.com.br\/v1\/wp-json\/wp\/v2\/categories?post=73727"},{"taxonomy":"post_tag","embeddable":true,"href":"https:\/\/www.r2cpress.com.br\/v1\/wp-json\/wp\/v2\/tags?post=73727"}],"curies":[{"name":"wp","href":"https:\/\/api.w.org\/{rel}","templated":true}]}}