{"id":7380,"date":"2011-01-25T13:51:36","date_gmt":"2011-01-25T16:51:36","guid":{"rendered":"http:\/\/www.r2cpress.com.br\/v1\/?p=7380"},"modified":"2011-01-25T13:51:36","modified_gmt":"2011-01-25T16:51:36","slug":"preso-homem-que-espancou-e-matou-crianca-de-dois-anos-em-urucuca","status":"publish","type":"post","link":"https:\/\/www.r2cpress.com.br\/v1\/2011\/01\/25\/preso-homem-que-espancou-e-matou-crianca-de-dois-anos-em-urucuca\/","title":{"rendered":"Preso homem que espancou e matou crian\u00e7a de dois anos em Uru\u00e7uca"},"content":{"rendered":"<p><em><strong>Francisco Costa Ferreira, conhecido como Sidney, de 50 anos, estava b\u00eabado quando entrou na casa e cometeu o crime<\/strong><\/em><\/p>\n<p>Est\u00e1 preso na delegacia de Ilh\u00e9us, no sul do estado, o homem acusado de espancar duas crian\u00e7as e acabar matando uma delas, na cidade de Uru\u00e7uca neste domingo (23). Segundo informa\u00e7\u00f5es da TV Santa Cruz, Francisco Costa Ferreira, conhecido como Sidney, de 50 anos, estava b\u00eabado quando entrou na casa em que vivia com Clemilda Ara\u00fajo dos Santos, de 25 anos,  na Fazenda Santa Rosa, e come\u00e7ou a agredi-la com o objetivo de mat\u00e1-la. Ele foi preso na noite desta segunda-feira (24) na Zona Rural da cidade.<\/p>\n<p><!--more--><\/p>\n<p>A mulher fugiu para pedir socorro aos vizinhos e, quando voltou para casa, encontrou uma das crian\u00e7as desmaiada no ch\u00e3o e a outra espancada, mas aparentemente bem. Sidney havia fugido.<\/p>\n<p>As duas crian\u00e7as foram levadas para o Hospital Regional de Ilh\u00e9us. Riquelme dos Santos, de dois anos, n\u00e3o resistiu aos ferimentos e teve a morte constatada na manh\u00e3 desta segunda-feira (24). A outra crian\u00e7a, de cinco anos, permanece internada. Ela foi espancada e teve um dos p\u00e9s cortados. Seu estado de sa\u00fade \u00e9 est\u00e1vel.<\/p>\n<p>A crian\u00e7a que morreu ainda n\u00e3o tinha registro. A pol\u00edcia confirmou que o acusado estava alcoolizado e matou o menor estrangulado. Ele foi indiciado por homic\u00eddio triplamente qualificado. <\/p>\n<p>&#8212;<br \/>\nReda\u00e7\u00e3o <a href = \"http:\/\/www.correio24horas.com.br\/noticias\/detalhes\/detalhes-1\/artigo\/preso-homem-que-espancou-e-matou-crianca-de-dois-anos-em-urucuca\/\" target = \"_news\"><b>CORREIO DA BAHIA<\/b><\/a><\/p>\n","protected":false},"excerpt":{"rendered":"<p>Francisco Costa Ferreira, conhecido como Sidney, de 50 anos, estava b\u00eabado quando entrou na casa e cometeu o crime Est\u00e1 preso na delegacia de Ilh\u00e9us, no sul do estado, o homem acusado de espancar duas crian\u00e7as e acabar matando uma delas, na cidade de Uru\u00e7uca neste domingo (23). Segundo informa\u00e7\u00f5es da TV Santa Cruz, Francisco [&hellip;]<\/p>\n","protected":false},"author":2,"featured_media":0,"comment_status":"open","ping_status":"open","sticky":false,"template":"","format":"standard","meta":{"_links_to":"","_links_to_target":""},"categories":[25],"tags":[],"_links":{"self":[{"href":"https:\/\/www.r2cpress.com.br\/v1\/wp-json\/wp\/v2\/posts\/7380"}],"collection":[{"href":"https:\/\/www.r2cpress.com.br\/v1\/wp-json\/wp\/v2\/posts"}],"about":[{"href":"https:\/\/www.r2cpress.com.br\/v1\/wp-json\/wp\/v2\/types\/post"}],"author":[{"embeddable":true,"href":"https:\/\/www.r2cpress.com.br\/v1\/wp-json\/wp\/v2\/users\/2"}],"replies":[{"embeddable":true,"href":"https:\/\/www.r2cpress.com.br\/v1\/wp-json\/wp\/v2\/comments?post=7380"}],"version-history":[{"count":2,"href":"https:\/\/www.r2cpress.com.br\/v1\/wp-json\/wp\/v2\/posts\/7380\/revisions"}],"predecessor-version":[{"id":7382,"href":"https:\/\/www.r2cpress.com.br\/v1\/wp-json\/wp\/v2\/posts\/7380\/revisions\/7382"}],"wp:attachment":[{"href":"https:\/\/www.r2cpress.com.br\/v1\/wp-json\/wp\/v2\/media?parent=7380"}],"wp:term":[{"taxonomy":"category","embeddable":true,"href":"https:\/\/www.r2cpress.com.br\/v1\/wp-json\/wp\/v2\/categories?post=7380"},{"taxonomy":"post_tag","embeddable":true,"href":"https:\/\/www.r2cpress.com.br\/v1\/wp-json\/wp\/v2\/tags?post=7380"}],"curies":[{"name":"wp","href":"https:\/\/api.w.org\/{rel}","templated":true}]}}