{"id":7405,"date":"2011-01-25T17:43:58","date_gmt":"2011-01-25T20:43:58","guid":{"rendered":"http:\/\/www.r2cpress.com.br\/v1\/?p=7405"},"modified":"2011-01-25T17:43:58","modified_gmt":"2011-01-25T20:43:58","slug":"camara-municipal-de-ilheus-39","status":"publish","type":"post","link":"https:\/\/www.r2cpress.com.br\/v1\/2011\/01\/25\/camara-municipal-de-ilheus-39\/","title":{"rendered":"C\u00e2mara Municipal de Ilh\u00e9us"},"content":{"rendered":"<p><strong>Caos na sa\u00fade: Vereadores visitam SAMU e Hospital Regional de Ilh\u00e9us<\/strong><\/p>\n<p><div id=\"attachment_7406\" style=\"width: 310px\" class=\"wp-caption alignleft\"><a href=\"http:\/\/www.r2cpress.com.br\/v1\/wp-content\/uploads\/CMI-25-01-2011.jpg\"><img aria-describedby=\"caption-attachment-7406\" loading=\"lazy\" src=\"http:\/\/www.r2cpress.com.br\/v1\/wp-content\/uploads\/CMI-25-01-2011-300x226.jpg\" alt=\"\" title=\"CMI 25 01 2011\" width=\"300\" height=\"226\" class=\"size-medium wp-image-7406\" srcset=\"https:\/\/www.r2cpress.com.br\/v1\/wp-content\/uploads\/CMI-25-01-2011-300x226.jpg 300w, https:\/\/www.r2cpress.com.br\/v1\/wp-content\/uploads\/CMI-25-01-2011.jpg 750w\" sizes=\"(max-width: 300px) 100vw, 300px\" \/><\/a><p id=\"caption-attachment-7406\" class=\"wp-caption-text\">CMI EM A\u00c7\u00c3O.<\/p><\/div>Na manh\u00e3 desta ter\u00e7a-feira, 25, o presidente da C\u00e2mara de Vereadores de Ilh\u00e9us Edivaldo Nascimento (Dinho G\u00e1s), acompanhado dos edis Reynaldo Oliveira (Z\u00e9 Neguinho), Valmir Freitas, Tarc\u00edsio Paix\u00e3o, Gilberto Souza (Bel do Vilela), Alzim\u00e1rio Belmonte (Professor Gurita) e Jailson Nascimento visitaram as instala\u00e7\u00f5es do Servi\u00e7o de Atendimento M\u00f3vel de Urg\u00eancia (SAMU) de Ilh\u00e9us e do Hospital Geral Lu\u00edz Viana Filho, mais conhecido como Regional. <\/p>\n<p>\tA primeira das duas reuni\u00f5es aconteceu na sede do SAMU, l\u00e1 os edis puderam ouviram dos m\u00e9dicos socorristas, enfermeiros e funcion\u00e1rios muitas reclama\u00e7\u00f5es da situa\u00e7\u00e3o ca\u00f3tica que o \u00f3rg\u00e3o se encontra atualmente. \u00c0s vezes suprimentos b\u00e1sicos como luvas e talas tem que ser trazidos do Hospital Regional para que as emerg\u00eancias sejam atendidas com o m\u00ednimo de condi\u00e7\u00e3o poss\u00edvel. <\/p>\n<p><!--more--><\/p>\n<p>No que diz respeito ao sal\u00e1rio a queixa tamb\u00e9m \u00e9 grande, o SAMU foi inaugurado em 2005 e desde ent\u00e3o nunca houve reajuste na folha salarial de seus funcion\u00e1rios. A estrutura do \u00f3rg\u00e3o tamb\u00e9m \u00e9 alvo de reclama\u00e7\u00e3o, uma vez que h\u00e1 mais de dois meses n\u00e3o h\u00e1 um coordenador geral e m\u00e9dico para poder fazer a escala dos socorristas. <\/p>\n<p>\tAs ambul\u00e2ncias que prestam atendimento aos mun\u00edcipes est\u00e3o totalmente sucateadas, mesmo havendo uma verba federal para que as mesmas sejam consertadas periodicamente. Atualmente o SAMU conta com 6 ambul\u00e2ncias, mas apenas 4 est\u00e3o funcionando com muita dificuldade. Para que essa situa\u00e7\u00e3o seja amenizada, o Minist\u00e9rio P\u00fablico j\u00e1 liberou 3 novas ambul\u00e2ncias que est\u00e3o em fase final de montagem. A previs\u00e3o \u00e9 de que no in\u00edcio do m\u00eas de abril elas estejam em pleno funcionamento. <\/p>\n<p>\t\u201cN\u00f3s vereadores estamos aqui para poder complementar o relat\u00f3rio da Sa\u00fade que estamos fazendo em Ilh\u00e9us, a partir da\u00ed apresentaremos ao Minist\u00e9rio P\u00fablico Estadual e Federal e tamb\u00e9m a Controladoria Geral da Uni\u00e3o (CGU)\u201d. Os representantes do SAMU ressaltaram a import\u00e2ncia dos vereadores levarem adiante os pedidos de melhoria dos sal\u00e1rios e cria\u00e7\u00e3o de um plano de carreira para os profissionais do servi\u00e7o, mas como tamb\u00e9m para toda a estrutura de atendimento do \u00f3rg\u00e3o. <\/p>\n<p>\u201cA reuni\u00e3o foi important\u00edssima, esse trabalho j\u00e1 vem sendo feito desde o ano passado e continuaremos visitando n\u00e3o s\u00f3 os \u00f3rg\u00e3os relacionados a sa\u00fade, mas tamb\u00e9m os setores de educa\u00e7\u00e3o, transporte, tr\u00e2nsito e outros\u201d, lembrou Dinho G\u00e1s, presidente do legislativo ilheense. <\/p>\n<p>Vereadores tamb\u00e9m visitaram o Hospital Regional \u2013 J\u00e1 na visita ao Hospital Geral Lu\u00edz Viana Filho, os 7 vereadores se reuniram com os diretores da institui\u00e7\u00e3o Gustavo Silveira (Diretor Geral), Jorge Avelar (Diretor M\u00e9dico), Gileno Leal (Diretor Administrativo) e Josevaldo Viana (Diretor de Planejamento) para tratar da falta de m\u00e9dicos em  alguns turnos e do grande n\u00famero de atendimentos que o Hospital vem prestando nos \u00faltimos meses. <\/p>\n<p> O vereador Jailson Nascimento questionou a dire\u00e7\u00e3o do Hospital Regional sobre a grande quantidade de pessoas pelos corredores e a falta de m\u00e9dicos ortopedistas e neurocirurgi\u00f5es para atender a grande demanda de pacientes. <\/p>\n<p>O Hospital Regional teve um grande acr\u00e9scimo de atendimento nos \u00faltimos anos, cerca de 2 mil pessoas eram atendidas, por\u00e9m somente no \u00faltimo m\u00eas de dezembro em 2010 mais de 7 mil foram realizados, quando somente 30% desses atendimentos deviam ser feitos no Hospital. \u201cA popula\u00e7\u00e3o vem nos procurando cada vez mais, isso se deve a melhoria no servi\u00e7o que estamos prestando ultimamente\u201d, disse Gustavo Silveira. <\/p>\n<p>Uma cr\u00edtica feita pelos diretores do Hospital \u00e9 de que a Rede B\u00e1sica de Sa\u00fade da cidade n\u00e3o funciona. \u201cOs Postos de Sa\u00fade dos bairros est\u00e3o parados, com isso as pessoas acabam recorrendo ao Regional em busca de atendimentos b\u00e1sicos como pediatria, cl\u00ednica m\u00e9dica e ortopedia, quando isso poderia ser realizado nos pr\u00f3prios bairros\u201d, salientou Gil Leal. <\/p>\n<p>Outra luta dos diretores do hospital \u00e9 a constante falta de m\u00e9dicos. Nos \u00faltimos anos o Hospital Regional perdeu cerca de 20 m\u00e9dicos, muitos n\u00e3o chegam h\u00e1 ficar duas semanas e j\u00e1 pedem demiss\u00e3o alegando n\u00e3o ag\u00fcentar a dura jornada de trabalho e m\u00e1 remunera\u00e7\u00e3o. \u201cEm breve ser\u00e1 realizado um concurso p\u00fablico para contrata\u00e7\u00e3o de m\u00e9dicos, com isso esperamos que toda essa situa\u00e7\u00e3o seja sanada\u201d, garantiu Josevaldo Viana.<\/p>\n<p>Ao final da reuni\u00e3o os diretores assumiram o compromisso de que no in\u00edcio de mar\u00e7o o Hospital Regional n\u00e3o ter\u00e1 mais turnos sem m\u00e9dicos plantonistas. \u201cO Hospital n\u00e3o passar\u00e1 mais pela situa\u00e7\u00e3o de um cidad\u00e3o chegar e n\u00e3o encontrar m\u00e9dico, em breve tudo ser\u00e1 resolvido\u201d, disse Jorge Avelar. <\/p>\n","protected":false},"excerpt":{"rendered":"<p>Caos na sa\u00fade: Vereadores visitam SAMU e Hospital Regional de Ilh\u00e9us Na manh\u00e3 desta ter\u00e7a-feira, 25, o presidente da C\u00e2mara de Vereadores de Ilh\u00e9us Edivaldo Nascimento (Dinho G\u00e1s), acompanhado dos edis Reynaldo Oliveira (Z\u00e9 Neguinho), Valmir Freitas, Tarc\u00edsio Paix\u00e3o, Gilberto Souza (Bel do Vilela), Alzim\u00e1rio Belmonte (Professor Gurita) e Jailson Nascimento visitaram as instala\u00e7\u00f5es do [&hellip;]<\/p>\n","protected":false},"author":2,"featured_media":0,"comment_status":"open","ping_status":"open","sticky":false,"template":"","format":"standard","meta":{"_links_to":"","_links_to_target":""},"categories":[22],"tags":[],"_links":{"self":[{"href":"https:\/\/www.r2cpress.com.br\/v1\/wp-json\/wp\/v2\/posts\/7405"}],"collection":[{"href":"https:\/\/www.r2cpress.com.br\/v1\/wp-json\/wp\/v2\/posts"}],"about":[{"href":"https:\/\/www.r2cpress.com.br\/v1\/wp-json\/wp\/v2\/types\/post"}],"author":[{"embeddable":true,"href":"https:\/\/www.r2cpress.com.br\/v1\/wp-json\/wp\/v2\/users\/2"}],"replies":[{"embeddable":true,"href":"https:\/\/www.r2cpress.com.br\/v1\/wp-json\/wp\/v2\/comments?post=7405"}],"version-history":[{"count":4,"href":"https:\/\/www.r2cpress.com.br\/v1\/wp-json\/wp\/v2\/posts\/7405\/revisions"}],"predecessor-version":[{"id":7410,"href":"https:\/\/www.r2cpress.com.br\/v1\/wp-json\/wp\/v2\/posts\/7405\/revisions\/7410"}],"wp:attachment":[{"href":"https:\/\/www.r2cpress.com.br\/v1\/wp-json\/wp\/v2\/media?parent=7405"}],"wp:term":[{"taxonomy":"category","embeddable":true,"href":"https:\/\/www.r2cpress.com.br\/v1\/wp-json\/wp\/v2\/categories?post=7405"},{"taxonomy":"post_tag","embeddable":true,"href":"https:\/\/www.r2cpress.com.br\/v1\/wp-json\/wp\/v2\/tags?post=7405"}],"curies":[{"name":"wp","href":"https:\/\/api.w.org\/{rel}","templated":true}]}}