{"id":74056,"date":"2013-10-20T18:36:34","date_gmt":"2013-10-20T21:36:34","guid":{"rendered":"http:\/\/www.r2cpress.com.br\/v1\/?p=74056"},"modified":"2013-10-20T18:36:34","modified_gmt":"2013-10-20T21:36:34","slug":"concurso-internacional","status":"publish","type":"post","link":"https:\/\/www.r2cpress.com.br\/v1\/2013\/10\/20\/concurso-internacional\/","title":{"rendered":"Concurso Internacional"},"content":{"rendered":"<p>Caro  Rabat,<\/p>\n<p>Com alegria que envio os v\u00eddeos das apresenta\u00e7\u00f5es dos meus filhos, <strong>Marcelo Ros\u00e1rio (viol\u00e3o) DUO com a noiva Ane (flauta)<\/strong>  e <b>Gabriel Ros\u00e1rio (bandolim).<\/b><\/p>\n<p>Classificados em 1\u00ba e 2\u00ba lugares respectivamente, no concurso internacional de m\u00fasica do instituto Leopold Bellan em Paris\/Fran\u00e7a. M\u00eas de junho\/2013.<br \/>\nCategoria Jazz.<\/p>\n<p><center><iframe loading=\"lazy\" width=\"500\" height=\"320\" src=\"\/\/www.youtube.com\/embed\/Vj9s8E3auIQ\" frameborder=\"0\" allowfullscreen><\/iframe><iframe loading=\"lazy\" width=\"500\" height=\"320\" src=\"\/\/www.youtube.com\/embed\/xKg1r6AyosQ\" frameborder=\"0\" allowfullscreen><\/iframe><\/center><\/p>\n<p>Forte abra\u00e7o.<\/p>\n<p>Paulo Moreno Ros\u00e1rio<\/p>\n","protected":false},"excerpt":{"rendered":"<p>Caro Rabat, Com alegria que envio os v\u00eddeos das apresenta\u00e7\u00f5es dos meus filhos, Marcelo Ros\u00e1rio (viol\u00e3o) DUO com a noiva Ane (flauta) e Gabriel Ros\u00e1rio (bandolim). Classificados em 1\u00ba e 2\u00ba lugares respectivamente, no concurso internacional de m\u00fasica do instituto Leopold Bellan em Paris\/Fran\u00e7a. M\u00eas de junho\/2013. Categoria Jazz. Forte abra\u00e7o. Paulo Moreno Ros\u00e1rio<\/p>\n","protected":false},"author":2,"featured_media":0,"comment_status":"open","ping_status":"open","sticky":false,"template":"","format":"standard","meta":{"_links_to":"","_links_to_target":""},"categories":[5],"tags":[],"_links":{"self":[{"href":"https:\/\/www.r2cpress.com.br\/v1\/wp-json\/wp\/v2\/posts\/74056"}],"collection":[{"href":"https:\/\/www.r2cpress.com.br\/v1\/wp-json\/wp\/v2\/posts"}],"about":[{"href":"https:\/\/www.r2cpress.com.br\/v1\/wp-json\/wp\/v2\/types\/post"}],"author":[{"embeddable":true,"href":"https:\/\/www.r2cpress.com.br\/v1\/wp-json\/wp\/v2\/users\/2"}],"replies":[{"embeddable":true,"href":"https:\/\/www.r2cpress.com.br\/v1\/wp-json\/wp\/v2\/comments?post=74056"}],"version-history":[{"count":2,"href":"https:\/\/www.r2cpress.com.br\/v1\/wp-json\/wp\/v2\/posts\/74056\/revisions"}],"predecessor-version":[{"id":74058,"href":"https:\/\/www.r2cpress.com.br\/v1\/wp-json\/wp\/v2\/posts\/74056\/revisions\/74058"}],"wp:attachment":[{"href":"https:\/\/www.r2cpress.com.br\/v1\/wp-json\/wp\/v2\/media?parent=74056"}],"wp:term":[{"taxonomy":"category","embeddable":true,"href":"https:\/\/www.r2cpress.com.br\/v1\/wp-json\/wp\/v2\/categories?post=74056"},{"taxonomy":"post_tag","embeddable":true,"href":"https:\/\/www.r2cpress.com.br\/v1\/wp-json\/wp\/v2\/tags?post=74056"}],"curies":[{"name":"wp","href":"https:\/\/api.w.org\/{rel}","templated":true}]}}