{"id":74154,"date":"2013-10-23T09:07:02","date_gmt":"2013-10-23T12:07:02","guid":{"rendered":"http:\/\/www.r2cpress.com.br\/v1\/?p=74154"},"modified":"2013-10-23T09:07:02","modified_gmt":"2013-10-23T12:07:02","slug":"1a-cavalgada-ecologica-da-republica","status":"publish","type":"post","link":"https:\/\/www.r2cpress.com.br\/v1\/2013\/10\/23\/1a-cavalgada-ecologica-da-republica\/","title":{"rendered":"1\u00aa CAVALGADA ECOL\u00d3GICA DA REP\u00daBLICA"},"content":{"rendered":"<h2 align=\"center\"><strong>PARQUE DE EXPOSI\u00c7\u00c3O E EVENTOS DE ILH\u00c9US<\/strong><\/h2>\n<h2 align=\"center\"><strong>FERIADO DA PROCLAMA\u00c7\u00c3O DA REP\u00daBLICA<\/strong><\/h2>\n<h2 align=\"center\"><strong>15\/NOVEMBRO (SEXTA-FEIRA)<\/strong><\/h2>\n<div id=\"attachment_74155\" style=\"width: 610px\" class=\"wp-caption aligncenter\"><a href=\"http:\/\/www.r2cpress.com.br\/v1\/wp-content\/uploads\/cavalgada-15-de-novembro-2013_siri.jpg\"><img aria-describedby=\"caption-attachment-74155\" loading=\"lazy\" class=\"size-full wp-image-74155\" alt=\"15 DE NOVEMBRO\" src=\"http:\/\/www.r2cpress.com.br\/v1\/wp-content\/uploads\/cavalgada-15-de-novembro-2013_siri.jpg\" width=\"600\" height=\"820\" srcset=\"https:\/\/www.r2cpress.com.br\/v1\/wp-content\/uploads\/cavalgada-15-de-novembro-2013_siri.jpg 600w, https:\/\/www.r2cpress.com.br\/v1\/wp-content\/uploads\/cavalgada-15-de-novembro-2013_siri-219x300.jpg 219w\" sizes=\"(max-width: 600px) 100vw, 600px\" \/><\/a><p id=\"caption-attachment-74155\" class=\"wp-caption-text\">15 DE NOVEMBRO<\/p><\/div>\n","protected":false},"excerpt":{"rendered":"<p>PARQUE DE EXPOSI\u00c7\u00c3O E EVENTOS DE ILH\u00c9US FERIADO DA PROCLAMA\u00c7\u00c3O DA REP\u00daBLICA 15\/NOVEMBRO (SEXTA-FEIRA)<\/p>\n","protected":false},"author":2,"featured_media":0,"comment_status":"open","ping_status":"open","sticky":false,"template":"","format":"standard","meta":{"_links_to":"","_links_to_target":""},"categories":[28],"tags":[],"_links":{"self":[{"href":"https:\/\/www.r2cpress.com.br\/v1\/wp-json\/wp\/v2\/posts\/74154"}],"collection":[{"href":"https:\/\/www.r2cpress.com.br\/v1\/wp-json\/wp\/v2\/posts"}],"about":[{"href":"https:\/\/www.r2cpress.com.br\/v1\/wp-json\/wp\/v2\/types\/post"}],"author":[{"embeddable":true,"href":"https:\/\/www.r2cpress.com.br\/v1\/wp-json\/wp\/v2\/users\/2"}],"replies":[{"embeddable":true,"href":"https:\/\/www.r2cpress.com.br\/v1\/wp-json\/wp\/v2\/comments?post=74154"}],"version-history":[{"count":1,"href":"https:\/\/www.r2cpress.com.br\/v1\/wp-json\/wp\/v2\/posts\/74154\/revisions"}],"predecessor-version":[{"id":74156,"href":"https:\/\/www.r2cpress.com.br\/v1\/wp-json\/wp\/v2\/posts\/74154\/revisions\/74156"}],"wp:attachment":[{"href":"https:\/\/www.r2cpress.com.br\/v1\/wp-json\/wp\/v2\/media?parent=74154"}],"wp:term":[{"taxonomy":"category","embeddable":true,"href":"https:\/\/www.r2cpress.com.br\/v1\/wp-json\/wp\/v2\/categories?post=74154"},{"taxonomy":"post_tag","embeddable":true,"href":"https:\/\/www.r2cpress.com.br\/v1\/wp-json\/wp\/v2\/tags?post=74154"}],"curies":[{"name":"wp","href":"https:\/\/api.w.org\/{rel}","templated":true}]}}