{"id":74165,"date":"2013-10-23T15:11:26","date_gmt":"2013-10-23T18:11:26","guid":{"rendered":"http:\/\/www.r2cpress.com.br\/v1\/?p=74165"},"modified":"2013-10-23T15:11:26","modified_gmt":"2013-10-23T18:11:26","slug":"jovens-do-batukere-apresentam-musica-e-danca-afro-na-tenda-tpi","status":"publish","type":"post","link":"https:\/\/www.r2cpress.com.br\/v1\/2013\/10\/23\/jovens-do-batukere-apresentam-musica-e-danca-afro-na-tenda-tpi\/","title":{"rendered":"Jovens do Batuker\u00ea apresentam m\u00fasica e dan\u00e7a afro na Tenda TPI"},"content":{"rendered":"<p>As crian\u00e7as e adolescentes do projeto Batuker\u00ea dar\u00e3o um show de dan\u00e7a e percuss\u00e3o afro na Tenda Teatro Popular de Ilh\u00e9us (TPI). As apresenta\u00e7\u00f5es acontecem nestas quinta e sexta-feira (24 e 25), \u00e0s 19 horas. As entradas custam R$ 20 a inteira e R$ 10 para estudantes, idosos e s\u00f3cios do Cart\u00e3o TPI.<br \/>\nNo espet\u00e1culo, o p\u00fablico poder\u00e1 conhecer os resultados das atividades realizadas pelo Grupo de Preserva\u00e7\u00e3o da Cultura Negra Dilazenze. Os jovens mostrar\u00e3o o que aprenderam nas aulas de dan\u00e7a afro, percuss\u00e3o, teatro, artes pl\u00e1sticas, m\u00fasica e capoeira.<div id=\"attachment_74166\" style=\"width: 610px\" class=\"wp-caption aligncenter\"><a href=\"http:\/\/www.r2cpress.com.br\/v1\/wp-content\/uploads\/Batuker\u00ea-2.jpg\"><img aria-describedby=\"caption-attachment-74166\" loading=\"lazy\" src=\"http:\/\/www.r2cpress.com.br\/v1\/wp-content\/uploads\/Batuker\u00ea-2.jpg\" alt=\"Batuker\u00ea .\" width=\"600\" height=\"392\" class=\"size-full wp-image-74166\" srcset=\"https:\/\/www.r2cpress.com.br\/v1\/wp-content\/uploads\/Batuker\u00ea-2.jpg 600w, https:\/\/www.r2cpress.com.br\/v1\/wp-content\/uploads\/Batuker\u00ea-2-300x196.jpg 300w\" sizes=\"(max-width: 600px) 100vw, 600px\" \/><\/a><p id=\"caption-attachment-74166\" class=\"wp-caption-text\">Batuker\u00ea .<\/p><\/div>O Projeto Social Batuker\u00ea foi criado em 2000 e acompanha 60 crian\u00e7as e adolescentes com idade entre 07 e 14 anos, moradoras do bairro da Conquista, em Ilh\u00e9us. O objetivo principal dos trabalhos \u00e9 dar oportunidade ao desenvolvimento de talentos e proporcionar uma melhor qualidade de vida.<\/p>\n<p><strong>Dan\u00e7a do Ventre no Changement<\/strong><\/p>\n<p>O projeto de interc\u00e2mbio Changement trabalhar\u00e1 a Dan\u00e7a do Ventre em aulas ministradas pelas professoras Rafaella Canabrava, de Ilh\u00e9us, e Priscila Mohanna, de Vit\u00f3ria da Conquista. Adultos e crian\u00e7as poder\u00e3o aprender no\u00e7\u00f5es da dan\u00e7a oriental, em oficinas que acontecer\u00e3o nas tardes de sexta-feira, s\u00e1bado e domingo. As inscri\u00e7\u00f5es custam R$ 10. Mais informa\u00e7\u00f5es pelo telefone (73) 4102-0580.<\/p>\n","protected":false},"excerpt":{"rendered":"<p>As crian\u00e7as e adolescentes do projeto Batuker\u00ea dar\u00e3o um show de dan\u00e7a e percuss\u00e3o afro na Tenda Teatro Popular de Ilh\u00e9us (TPI). As apresenta\u00e7\u00f5es acontecem nestas quinta e sexta-feira (24 e 25), \u00e0s 19 horas. As entradas custam R$ 20 a inteira e R$ 10 para estudantes, idosos e s\u00f3cios do Cart\u00e3o TPI. No espet\u00e1culo, [&hellip;]<\/p>\n","protected":false},"author":2,"featured_media":0,"comment_status":"open","ping_status":"open","sticky":false,"template":"","format":"standard","meta":{"_links_to":"","_links_to_target":""},"categories":[5],"tags":[],"_links":{"self":[{"href":"https:\/\/www.r2cpress.com.br\/v1\/wp-json\/wp\/v2\/posts\/74165"}],"collection":[{"href":"https:\/\/www.r2cpress.com.br\/v1\/wp-json\/wp\/v2\/posts"}],"about":[{"href":"https:\/\/www.r2cpress.com.br\/v1\/wp-json\/wp\/v2\/types\/post"}],"author":[{"embeddable":true,"href":"https:\/\/www.r2cpress.com.br\/v1\/wp-json\/wp\/v2\/users\/2"}],"replies":[{"embeddable":true,"href":"https:\/\/www.r2cpress.com.br\/v1\/wp-json\/wp\/v2\/comments?post=74165"}],"version-history":[{"count":3,"href":"https:\/\/www.r2cpress.com.br\/v1\/wp-json\/wp\/v2\/posts\/74165\/revisions"}],"predecessor-version":[{"id":74169,"href":"https:\/\/www.r2cpress.com.br\/v1\/wp-json\/wp\/v2\/posts\/74165\/revisions\/74169"}],"wp:attachment":[{"href":"https:\/\/www.r2cpress.com.br\/v1\/wp-json\/wp\/v2\/media?parent=74165"}],"wp:term":[{"taxonomy":"category","embeddable":true,"href":"https:\/\/www.r2cpress.com.br\/v1\/wp-json\/wp\/v2\/categories?post=74165"},{"taxonomy":"post_tag","embeddable":true,"href":"https:\/\/www.r2cpress.com.br\/v1\/wp-json\/wp\/v2\/tags?post=74165"}],"curies":[{"name":"wp","href":"https:\/\/api.w.org\/{rel}","templated":true}]}}