{"id":7421,"date":"2011-01-25T18:47:45","date_gmt":"2011-01-25T21:47:45","guid":{"rendered":"http:\/\/www.r2cpress.com.br\/v1\/?p=7421"},"modified":"2011-01-25T18:47:45","modified_gmt":"2011-01-25T21:47:45","slug":"ministerio-da-pesca-passara-um-pente-fino-no-cadastro-de-pescadores","status":"publish","type":"post","link":"https:\/\/www.r2cpress.com.br\/v1\/2011\/01\/25\/ministerio-da-pesca-passara-um-pente-fino-no-cadastro-de-pescadores\/","title":{"rendered":"Minist\u00e9rio da Pesca passar\u00e1 um &#8220;pente fino&#8221; no cadastro de pescadores"},"content":{"rendered":"<p><strong>Bras\u00edlia<\/strong> &#8211; A ministra da Pesca e Aquicultura, Ideli Salvati, anunciou hoje (25) as novas regras para o cadastramento de pescadores artesanais no Registro Geral da Pesca (RGP) e para a concess\u00e3o de carteiras de pescador profissional. A mudan\u00e7a tem como objetivo atender \u00e0s exig\u00eancias estabelecidas pelo Conselho Deliberativo do Fundo de Amparo ao Trabalhador (Codefat) e, tamb\u00e9m, aumentar o controle dos registros do seguro defeso, recebido por cerca de 470 mil pescadores durante o per\u00edodo em que a pesca \u00e9 proibida para garantir a reprodu\u00e7\u00e3o das esp\u00e9cies.<\/p>\n<p>Com o intuito de coibir irregularidades, a ministra disse que j\u00e1 pediu \u00e0 Controladoria-Geral da Uni\u00e3o (CGU) o cruzamento dos dados do seguro defeso com o cadastro do Programa Bolsa Fam\u00edlia. \u201c\u00c9 uma opera\u00e7\u00e3o de saneamento efetivo, um pente fino no registro e pagamento de benef\u00edcios\u201d, disse Ideli Salvati. \u201cJ\u00e1 descobrimos, por exemplo, que na cidade de Salvaterra, no Par\u00e1, que tem cerca de 18 mil habitantes, h\u00e1 11 mil carteirinhas de pescador. \u00c9 imposs\u00edvel, a n\u00e3o ser que [a popula\u00e7\u00e3o] j\u00e1 nascesse pescando\u201d.<\/p>\n<p><!--more--><\/p>\n<p>Para corrigir a situa\u00e7\u00e3o, o Minist\u00e9rio da Pesca e Aquicultura suspendeu a emiss\u00e3o de novas carteiras de pescador at\u00e9 31 de dezembro de 2011. A renova\u00e7\u00e3o do documento, que era feita a cada tr\u00eas anos, ter\u00e1 de ser feita a cada dois anos, e tem como pr\u00e9-requisito a apresenta\u00e7\u00e3o da nota fiscal, recibo de vendas ou comprovante de contribui\u00e7\u00e3o previdenci\u00e1ria. Para ter direito ao seguro defeso, o pescador tamb\u00e9m deve declarar que vive exclusivamente da pesca.<\/p>\n<p>Al\u00e9m disso, a ministra anunciou o cancelamento de 13 mil carteiras expedidas h\u00e1 mais de seis meses e que n\u00e3o foram retiradas.<\/p>\n<p>O presidente da Federa\u00e7\u00e3o de Pesca do Estado de Santa Catarina, Ivo da Silva, disse que concorda com as medidas, mas espera que os representantes da categoria participem das discuss\u00f5es. \u201cConcordamos que seja feito um pente fino, mas queremos nossa participa\u00e7\u00e3o no processo. H\u00e1 muita burocracia e, al\u00e9m disso, o governo n\u00e3o fez divulga\u00e7\u00e3o nas federa\u00e7\u00f5es e nas vilas de pescadores sobre quem tinha carteirinha para buscar\u201d, disse Silva.<\/p>\n<p>&#8212;<br \/>\nDanilo Macedo<br \/>\nRep\u00f3rter da <a href = \"http:\/\/agenciabrasil.ebc.com.br\/home?p_p_id=56&#038;p_p_lifecycle=0&#038;p_p_state=maximized&#038;p_p_mode=view&#038;p_p_col_id=column-4&#038;p_p_col_pos=5&#038;p_p_col_count=8&#038;_56_groupId=19523&#038;_56_articleId=3173565\" target = \"_news\"><b>Ag\u00eancia Brasil<\/b><\/a><br \/>\nEdi\u00e7\u00e3o: Vinicius Doria<\/p>\n","protected":false},"excerpt":{"rendered":"<p>Bras\u00edlia &#8211; A ministra da Pesca e Aquicultura, Ideli Salvati, anunciou hoje (25) as novas regras para o cadastramento de pescadores artesanais no Registro Geral da Pesca (RGP) e para a concess\u00e3o de carteiras de pescador profissional. A mudan\u00e7a tem como objetivo atender \u00e0s exig\u00eancias estabelecidas pelo Conselho Deliberativo do Fundo de Amparo ao Trabalhador [&hellip;]<\/p>\n","protected":false},"author":2,"featured_media":0,"comment_status":"open","ping_status":"open","sticky":false,"template":"","format":"standard","meta":{"_links_to":"","_links_to_target":""},"categories":[18],"tags":[],"_links":{"self":[{"href":"https:\/\/www.r2cpress.com.br\/v1\/wp-json\/wp\/v2\/posts\/7421"}],"collection":[{"href":"https:\/\/www.r2cpress.com.br\/v1\/wp-json\/wp\/v2\/posts"}],"about":[{"href":"https:\/\/www.r2cpress.com.br\/v1\/wp-json\/wp\/v2\/types\/post"}],"author":[{"embeddable":true,"href":"https:\/\/www.r2cpress.com.br\/v1\/wp-json\/wp\/v2\/users\/2"}],"replies":[{"embeddable":true,"href":"https:\/\/www.r2cpress.com.br\/v1\/wp-json\/wp\/v2\/comments?post=7421"}],"version-history":[{"count":2,"href":"https:\/\/www.r2cpress.com.br\/v1\/wp-json\/wp\/v2\/posts\/7421\/revisions"}],"predecessor-version":[{"id":7423,"href":"https:\/\/www.r2cpress.com.br\/v1\/wp-json\/wp\/v2\/posts\/7421\/revisions\/7423"}],"wp:attachment":[{"href":"https:\/\/www.r2cpress.com.br\/v1\/wp-json\/wp\/v2\/media?parent=7421"}],"wp:term":[{"taxonomy":"category","embeddable":true,"href":"https:\/\/www.r2cpress.com.br\/v1\/wp-json\/wp\/v2\/categories?post=7421"},{"taxonomy":"post_tag","embeddable":true,"href":"https:\/\/www.r2cpress.com.br\/v1\/wp-json\/wp\/v2\/tags?post=7421"}],"curies":[{"name":"wp","href":"https:\/\/api.w.org\/{rel}","templated":true}]}}