{"id":74229,"date":"2013-10-24T11:14:31","date_gmt":"2013-10-24T14:14:31","guid":{"rendered":"http:\/\/www.r2cpress.com.br\/v1\/?p=74229"},"modified":"2013-10-24T11:14:31","modified_gmt":"2013-10-24T14:14:31","slug":"academia-de-letras-de-ilheus-happy-hour-com-vinicius-de-moraes","status":"publish","type":"post","link":"https:\/\/www.r2cpress.com.br\/v1\/2013\/10\/24\/academia-de-letras-de-ilheus-happy-hour-com-vinicius-de-moraes\/","title":{"rendered":"ACADEMIA DE LETRAS DE ILH\u00c9US \/  HAPPY HOUR COM VIN\u00cdCIUS DE MORAES"},"content":{"rendered":"<div id=\"attachment_74230\" style=\"width: 610px\" class=\"wp-caption aligncenter\"><a href=\"http:\/\/www.r2cpress.com.br\/v1\/wp-content\/uploads\/Vinicius.jpg\"><img aria-describedby=\"caption-attachment-74230\" loading=\"lazy\" class=\"size-full wp-image-74230\" alt=\"Vin\u00edcius de Moraes\" src=\"http:\/\/www.r2cpress.com.br\/v1\/wp-content\/uploads\/Vinicius.jpg\" width=\"600\" height=\"557\" srcset=\"https:\/\/www.r2cpress.com.br\/v1\/wp-content\/uploads\/Vinicius.jpg 600w, https:\/\/www.r2cpress.com.br\/v1\/wp-content\/uploads\/Vinicius-300x278.jpg 300w\" sizes=\"(max-width: 600px) 100vw, 600px\" \/><\/a><p id=\"caption-attachment-74230\" class=\"wp-caption-text\">Vin\u00edcius de Moraes<\/p><\/div>\n<p>Amanh\u00e3 tem happy hour com Vin\u00edcius de Moraes na Academia de Letras de Ilh\u00e9us. O professor Samuel Mattos (UESC) nos blindar\u00e1 com uma palestra bem descontra\u00edda sobre a vida e obra do compositor e poeta que completou 100 anos de nascimento no \u00faltimo dia 19.\u00a0Todos voc\u00eas s\u00e3o nossos convidados.<\/p>\n<div>Um abra\u00e7o,<\/div>\n<div><\/div>\n<div>Josevandro Nascimento<\/div>\n<div>Presidente<\/div>\n<div><\/div>\n<div><i><b>O QU\u00ca?<\/b>\u00a0Palestra e cantoria sobre a vida de Vin\u00edcius de Moraes<\/i><\/div>\n<div><i><b>QUANDO?<\/b>\u00a0Dia 25 de outubro de 2013<\/i><\/div>\n<div><i><b>ONDE?<\/b>\u00a0Academia de Letras de Ilh\u00e9us, Rua Antonio Lavigne de Lemos,39<\/i><\/div>\n<div><i><b>QUE HORAS?<\/b>\u00a0A partir das 17 horas.<\/i><\/div>\n<div><i><\/i><i><b>QUANTO?\u00a0<\/b>Entrada gratuita.<\/i><\/div>\n","protected":false},"excerpt":{"rendered":"<p>Amanh\u00e3 tem happy hour com Vin\u00edcius de Moraes na Academia de Letras de Ilh\u00e9us. O professor Samuel Mattos (UESC) nos blindar\u00e1 com uma palestra bem descontra\u00edda sobre a vida e obra do compositor e poeta que completou 100 anos de nascimento no \u00faltimo dia 19.\u00a0Todos voc\u00eas s\u00e3o nossos convidados. Um abra\u00e7o, Josevandro Nascimento Presidente O [&hellip;]<\/p>\n","protected":false},"author":2,"featured_media":0,"comment_status":"open","ping_status":"open","sticky":false,"template":"","format":"standard","meta":{"_links_to":"","_links_to_target":""},"categories":[5],"tags":[],"_links":{"self":[{"href":"https:\/\/www.r2cpress.com.br\/v1\/wp-json\/wp\/v2\/posts\/74229"}],"collection":[{"href":"https:\/\/www.r2cpress.com.br\/v1\/wp-json\/wp\/v2\/posts"}],"about":[{"href":"https:\/\/www.r2cpress.com.br\/v1\/wp-json\/wp\/v2\/types\/post"}],"author":[{"embeddable":true,"href":"https:\/\/www.r2cpress.com.br\/v1\/wp-json\/wp\/v2\/users\/2"}],"replies":[{"embeddable":true,"href":"https:\/\/www.r2cpress.com.br\/v1\/wp-json\/wp\/v2\/comments?post=74229"}],"version-history":[{"count":1,"href":"https:\/\/www.r2cpress.com.br\/v1\/wp-json\/wp\/v2\/posts\/74229\/revisions"}],"predecessor-version":[{"id":74231,"href":"https:\/\/www.r2cpress.com.br\/v1\/wp-json\/wp\/v2\/posts\/74229\/revisions\/74231"}],"wp:attachment":[{"href":"https:\/\/www.r2cpress.com.br\/v1\/wp-json\/wp\/v2\/media?parent=74229"}],"wp:term":[{"taxonomy":"category","embeddable":true,"href":"https:\/\/www.r2cpress.com.br\/v1\/wp-json\/wp\/v2\/categories?post=74229"},{"taxonomy":"post_tag","embeddable":true,"href":"https:\/\/www.r2cpress.com.br\/v1\/wp-json\/wp\/v2\/tags?post=74229"}],"curies":[{"name":"wp","href":"https:\/\/api.w.org\/{rel}","templated":true}]}}