{"id":74253,"date":"2013-10-24T14:13:13","date_gmt":"2013-10-24T17:13:13","guid":{"rendered":"http:\/\/www.r2cpress.com.br\/v1\/?p=74253"},"modified":"2013-10-24T14:13:13","modified_gmt":"2013-10-24T17:13:13","slug":"oficinas-de-danca-do-ventre-para-adultos-e-criancas-na-tenda-tpi","status":"publish","type":"post","link":"https:\/\/www.r2cpress.com.br\/v1\/2013\/10\/24\/oficinas-de-danca-do-ventre-para-adultos-e-criancas-na-tenda-tpi\/","title":{"rendered":"Oficinas de Dan\u00e7a do Ventre para  adultos e crian\u00e7as na Tenda TPI"},"content":{"rendered":"<p style=\"text-align: justify;\" align=\"center\">Adultos e crian\u00e7as poder\u00e3o aprender no\u00e7\u00f5es de Dan\u00e7a do Ventre, atrav\u00e9s do projeto de interc\u00e2mbio\u00a0<i>Changement<\/i>. As aulas ser\u00e3o ministradas pelas professoras Rafaella Canabrava, de Ilh\u00e9us, e Priscila Mohanna, de Vit\u00f3ria da Conquista, nas tardes de sexta-feira, s\u00e1bado e domingo (25, 26 e 27). As atividades acontecem na Tenda Teatro Popular de Ilh\u00e9us (TPI) e a taxa de inscri\u00e7\u00e3o custa R$ 10. Mais detalhes pelo telefone (73) 4102-0580.<\/p>\n<div id=\"attachment_74255\" style=\"width: 610px\" class=\"wp-caption aligncenter\"><a href=\"http:\/\/www.r2cpress.com.br\/v1\/wp-content\/uploads\/Dan\u00e7a-do-Ventre-Rafaela-Canabrava-foto-Karoline-Vital.jpg\"><img aria-describedby=\"caption-attachment-74255\" loading=\"lazy\" class=\"size-full wp-image-74255\" alt=\"Dan\u00e7a do Ventre Rafaela Canabrava - foto Karoline Vital.\" src=\"http:\/\/www.r2cpress.com.br\/v1\/wp-content\/uploads\/Dan\u00e7a-do-Ventre-Rafaela-Canabrava-foto-Karoline-Vital.jpg\" width=\"600\" height=\"450\" srcset=\"https:\/\/www.r2cpress.com.br\/v1\/wp-content\/uploads\/Dan\u00e7a-do-Ventre-Rafaela-Canabrava-foto-Karoline-Vital.jpg 600w, https:\/\/www.r2cpress.com.br\/v1\/wp-content\/uploads\/Dan\u00e7a-do-Ventre-Rafaela-Canabrava-foto-Karoline-Vital-300x225.jpg 300w\" sizes=\"(max-width: 600px) 100vw, 600px\" \/><\/a><p id=\"caption-attachment-74255\" class=\"wp-caption-text\">Dan\u00e7a do Ventre Rafaela Canabrava &#8211; foto Karoline Vital.<\/p><\/div>\n<p style=\"text-align: justify;\">A professora Rafaella Canabrava ministrar\u00e1 aulas para o p\u00fablico infantil nesta sexta-feira e para adultos no domingo, sempre a partir das 16 horas. J\u00e1 a professora Priscilla Mohanna trabalhar\u00e1, neste s\u00e1bado, \u00e0s 15 horas com as crian\u00e7as e \u00e0s 18 horas com adultos. \u00c0s 17h30min do domingo, haver\u00e1 apresenta\u00e7\u00f5es de Dan\u00e7a do Ventre com participantes das oficinas e bailarinas profissionais.<\/p>\n<p style=\"text-align: justify;\">Difundida pelo mundo atrav\u00e9s dos \u00e1rabes, a Dan\u00e7a do Ventre surgiu h\u00e1 mais de cinco mil anos no Oriente M\u00e9dio e \u00c1sia Meridional. Sua pr\u00e1tica traz benef\u00edcios\u00a0para as musculaturas do abd\u00f4men, pernas, bra\u00e7os, costas e gl\u00fateos, circula\u00e7\u00e3o sangu\u00ednea, postura corporal, flexibilidade, resist\u00eancia f\u00edsica, coordena\u00e7\u00e3o motora e equil\u00edbrio.<\/p>\n<p style=\"text-align: justify;\"><b>Batuker\u00ea<\/b><\/p>\n<p style=\"text-align: justify;\">As crian\u00e7as e adolescentes do projeto Batuker\u00ea dar\u00e3o um show de dan\u00e7a e percuss\u00e3o afro na Tenda Teatro Popular de Ilh\u00e9us (TPI). As apresenta\u00e7\u00f5es acontecem nestas quinta e sexta-feira (24 e 25), \u00e0s 19 horas. As entradas custam R$ 20 a inteira e R$ 10 para estudantes, idosos e s\u00f3cios do Cart\u00e3o TPI.<\/p>\n","protected":false},"excerpt":{"rendered":"<p>Adultos e crian\u00e7as poder\u00e3o aprender no\u00e7\u00f5es de Dan\u00e7a do Ventre, atrav\u00e9s do projeto de interc\u00e2mbio\u00a0Changement. As aulas ser\u00e3o ministradas pelas professoras Rafaella Canabrava, de Ilh\u00e9us, e Priscila Mohanna, de Vit\u00f3ria da Conquista, nas tardes de sexta-feira, s\u00e1bado e domingo (25, 26 e 27). As atividades acontecem na Tenda Teatro Popular de Ilh\u00e9us (TPI) e a [&hellip;]<\/p>\n","protected":false},"author":2,"featured_media":0,"comment_status":"open","ping_status":"open","sticky":false,"template":"","format":"standard","meta":{"_links_to":"","_links_to_target":""},"categories":[5],"tags":[],"_links":{"self":[{"href":"https:\/\/www.r2cpress.com.br\/v1\/wp-json\/wp\/v2\/posts\/74253"}],"collection":[{"href":"https:\/\/www.r2cpress.com.br\/v1\/wp-json\/wp\/v2\/posts"}],"about":[{"href":"https:\/\/www.r2cpress.com.br\/v1\/wp-json\/wp\/v2\/types\/post"}],"author":[{"embeddable":true,"href":"https:\/\/www.r2cpress.com.br\/v1\/wp-json\/wp\/v2\/users\/2"}],"replies":[{"embeddable":true,"href":"https:\/\/www.r2cpress.com.br\/v1\/wp-json\/wp\/v2\/comments?post=74253"}],"version-history":[{"count":2,"href":"https:\/\/www.r2cpress.com.br\/v1\/wp-json\/wp\/v2\/posts\/74253\/revisions"}],"predecessor-version":[{"id":74256,"href":"https:\/\/www.r2cpress.com.br\/v1\/wp-json\/wp\/v2\/posts\/74253\/revisions\/74256"}],"wp:attachment":[{"href":"https:\/\/www.r2cpress.com.br\/v1\/wp-json\/wp\/v2\/media?parent=74253"}],"wp:term":[{"taxonomy":"category","embeddable":true,"href":"https:\/\/www.r2cpress.com.br\/v1\/wp-json\/wp\/v2\/categories?post=74253"},{"taxonomy":"post_tag","embeddable":true,"href":"https:\/\/www.r2cpress.com.br\/v1\/wp-json\/wp\/v2\/tags?post=74253"}],"curies":[{"name":"wp","href":"https:\/\/api.w.org\/{rel}","templated":true}]}}