{"id":74397,"date":"2013-10-28T15:21:20","date_gmt":"2013-10-28T18:21:20","guid":{"rendered":"http:\/\/www.r2cpress.com.br\/v1\/?p=74397"},"modified":"2013-10-28T15:21:20","modified_gmt":"2013-10-28T18:21:20","slug":"oficina-de-danca-de-salao-na-tenda-teatro-popular-de-ilheus","status":"publish","type":"post","link":"https:\/\/www.r2cpress.com.br\/v1\/2013\/10\/28\/oficina-de-danca-de-salao-na-tenda-teatro-popular-de-ilheus\/","title":{"rendered":"Oficina de Dan\u00e7a de Sal\u00e3o na Tenda Teatro Popular de Ilh\u00e9us"},"content":{"rendered":"<div id=\"attachment_74398\" style=\"width: 514px\" class=\"wp-caption aligncenter\"><a href=\"http:\/\/www.r2cpress.com.br\/v1\/wp-content\/uploads\/TPI-DAN\u00c7A-DE-SAL\u00c3O.jpg\"><img aria-describedby=\"caption-attachment-74398\" loading=\"lazy\" class=\"size-full wp-image-74398\" alt=\"Dan\u00e7a de Sal\u00e3o\" src=\"http:\/\/www.r2cpress.com.br\/v1\/wp-content\/uploads\/TPI-DAN\u00c7A-DE-SAL\u00c3O.jpg\" width=\"504\" height=\"504\" srcset=\"https:\/\/www.r2cpress.com.br\/v1\/wp-content\/uploads\/TPI-DAN\u00c7A-DE-SAL\u00c3O.jpg 504w, https:\/\/www.r2cpress.com.br\/v1\/wp-content\/uploads\/TPI-DAN\u00c7A-DE-SAL\u00c3O-150x150.jpg 150w, https:\/\/www.r2cpress.com.br\/v1\/wp-content\/uploads\/TPI-DAN\u00c7A-DE-SAL\u00c3O-300x300.jpg 300w\" sizes=\"(max-width: 504px) 100vw, 504px\" \/><\/a><p id=\"caption-attachment-74398\" class=\"wp-caption-text\">Dan\u00e7a de Sal\u00e3o<\/p><\/div>\n<p>A Tenda do Teatro Popular de Ilh\u00e9us (TPI) conta com mais uma oficina art\u00edstica: Dan\u00e7a de Sal\u00e3o. A atividade \u00e9 oferecida todas as segundas-feiras, a partir das 20 horas. As aulas s\u00e3o ministradas pelo professor Aldenor Garcia, da Garcia Fernandes Cia. de Dan\u00e7a, de Itabuna. A mensalidade custa R$ 50. S\u00f3cios do Cart\u00e3o TPI t\u00eam 10% de desconto.<br \/>\nA idade m\u00ednima para fazer a Dan\u00e7a de Sal\u00e3o \u00e9 de 10 anos e n\u00e3o h\u00e1 idade m\u00e1xima, peso ou altura. \u201cAt\u00e9 pessoas com 100 anos podem fazer as aulas. Basta conseguir fazer dois passos pra l\u00e1 e dois pra c\u00e1\u201d, afirma o professor Aldenor Garcia. A dan\u00e7a \u00e9 uma atividade f\u00edsica que faz bem para m\u00fasculos, sistemas cardiovascular e respirat\u00f3rio, postura, equil\u00edbrio e ainda pode queimar at\u00e9 350 calorias por hora de movimenta\u00e7\u00e3o.<br \/>\nAl\u00e9m da oficina de Dan\u00e7a de Sal\u00e3o, a Tenda TPI oferece aulas de bateria e percuss\u00e3o, viol\u00e3o e guitarra, dan\u00e7a afro, capoeira e acrobacia a\u00e9rea em tecido. Mais informa\u00e7\u00f5es pelo telefone (73) 4102-0580 ou no espa\u00e7o cultural localizado na Avenida Soares Lopes, das 14 \u00e0s 18 horas.<\/p>\n<p>Encontro com escritores<br \/>\nEscritores debatem a literatura infantojuvenil regional no contexto escolar, durante o encontro que acontece nesta quinta-feira (31) \u00e0s 19 horas, na Tenda Teatro Popular de Ilh\u00e9us. Foram convidados os autores Silva Kimo, Neila Brasil e Joilson Maia. A media\u00e7\u00e3o ser\u00e1 feita por Pawlo Cidade. A entrada \u00e9 gratuita.<\/p>\n","protected":false},"excerpt":{"rendered":"<p>A Tenda do Teatro Popular de Ilh\u00e9us (TPI) conta com mais uma oficina art\u00edstica: Dan\u00e7a de Sal\u00e3o. A atividade \u00e9 oferecida todas as segundas-feiras, a partir das 20 horas. As aulas s\u00e3o ministradas pelo professor Aldenor Garcia, da Garcia Fernandes Cia. de Dan\u00e7a, de Itabuna. A mensalidade custa R$ 50. S\u00f3cios do Cart\u00e3o TPI t\u00eam [&hellip;]<\/p>\n","protected":false},"author":2,"featured_media":0,"comment_status":"open","ping_status":"open","sticky":false,"template":"","format":"standard","meta":{"_links_to":"","_links_to_target":""},"categories":[5],"tags":[],"_links":{"self":[{"href":"https:\/\/www.r2cpress.com.br\/v1\/wp-json\/wp\/v2\/posts\/74397"}],"collection":[{"href":"https:\/\/www.r2cpress.com.br\/v1\/wp-json\/wp\/v2\/posts"}],"about":[{"href":"https:\/\/www.r2cpress.com.br\/v1\/wp-json\/wp\/v2\/types\/post"}],"author":[{"embeddable":true,"href":"https:\/\/www.r2cpress.com.br\/v1\/wp-json\/wp\/v2\/users\/2"}],"replies":[{"embeddable":true,"href":"https:\/\/www.r2cpress.com.br\/v1\/wp-json\/wp\/v2\/comments?post=74397"}],"version-history":[{"count":4,"href":"https:\/\/www.r2cpress.com.br\/v1\/wp-json\/wp\/v2\/posts\/74397\/revisions"}],"predecessor-version":[{"id":74402,"href":"https:\/\/www.r2cpress.com.br\/v1\/wp-json\/wp\/v2\/posts\/74397\/revisions\/74402"}],"wp:attachment":[{"href":"https:\/\/www.r2cpress.com.br\/v1\/wp-json\/wp\/v2\/media?parent=74397"}],"wp:term":[{"taxonomy":"category","embeddable":true,"href":"https:\/\/www.r2cpress.com.br\/v1\/wp-json\/wp\/v2\/categories?post=74397"},{"taxonomy":"post_tag","embeddable":true,"href":"https:\/\/www.r2cpress.com.br\/v1\/wp-json\/wp\/v2\/tags?post=74397"}],"curies":[{"name":"wp","href":"https:\/\/api.w.org\/{rel}","templated":true}]}}