{"id":74454,"date":"2013-10-30T00:07:23","date_gmt":"2013-10-30T03:07:23","guid":{"rendered":"http:\/\/www.r2cpress.com.br\/v1\/?p=74454"},"modified":"2013-10-30T00:07:23","modified_gmt":"2013-10-30T03:07:23","slug":"encontro-com-escritores-na-tenda-tpi-aborda-literatura-infantojuvenil-regional","status":"publish","type":"post","link":"https:\/\/www.r2cpress.com.br\/v1\/2013\/10\/30\/encontro-com-escritores-na-tenda-tpi-aborda-literatura-infantojuvenil-regional\/","title":{"rendered":"Encontro com escritores na Tenda TPI  aborda literatura infantojuvenil regional"},"content":{"rendered":"<p style=\"text-align: justify;\" align=\"center\">\u00a0Parte da programa\u00e7\u00e3o de outubro da Tenda Teatro Popular de Ilh\u00e9us (TPI) foi dedicada \u00e0s crian\u00e7as e aos professores, cujas datas comemorativas foram neste m\u00eas. Para encerrar as atividades especiais, ser\u00e1 realizado o encontro com tr\u00eas escritores sobre \u201cA literatura infantojuvenil regional no contexto escolar\u201d. O debate come\u00e7a \u00e0s 19 horas desta quinta-feira (31) e ter\u00e1 entrada franca.<\/p>\n<div style=\"width: 610px\" class=\"wp-caption aligncenter\"><img loading=\"lazy\" alt=\"\" src=\"https:\/\/lh5.googleusercontent.com\/-TYLPiPXiiNo\/UnB3CpR6PUI\/AAAAAAABOUM\/QL3zU0L-tRQ\/s600\/TPI_TENDA.jpg\" width=\"600\" height=\"450\" \/><p class=\"wp-caption-text\">Conto e Cantigas na Tenda TPI &#8211; foto Karoline Vital .<\/p><\/div>\n<p>Os convidados para o encontro foram os escritores Neila Brasil, com duas publica\u00e7\u00f5es; Joilson Maia com 12 obras, e Silvia Kimo, com 15 livros, entre escritos e ilustrados. Al\u00e9m das falas dos autores, o p\u00fablico poder\u00e1 participar com perguntas e coment\u00e1rios. A media\u00e7\u00e3o ser\u00e1 feita pelo pedagogo, escritor e dramaturgo, Pawlo Cidade.<\/p>\n<p style=\"text-align: justify;\">\u00a0\u00a0\u00a0\u00a0\u00a0\u00a0\u00a0\u00a0\u00a0 O objetivo do encontro \u00e9 discutir como as escolas podem colaborar para a valoriza\u00e7\u00e3o da literatura infantojuvenil regional. Apesar de os profissionais da educa\u00e7\u00e3o serem o p\u00fablico-alvo, a atividade \u00e9 aberta para a comunidade em geral. A iniciativa \u00e9 organizada pelo N\u00facleo de Literatura do Teatro Popular de Ilh\u00e9us.<\/p>\n<p style=\"text-align: justify;\">\u00a0\u00a0\u00a0\u00a0\u00a0\u00a0\u00a0\u00a0\u00a0 Este ser\u00e1 o segundo evento liter\u00e1rio realizado na Tenda TPI, neste m\u00eas. No dia 12 de outubro, aconteceu o\u00a0<i>Conto e Cantigas<\/i>, que reuniu conta\u00e7\u00e3o de hist\u00f3rias e musicaliza\u00e7\u00e3o para crian\u00e7as. A segunda edi\u00e7\u00e3o ser\u00e1 \u00e0s 16 horas do dia 09 de novembro, na Biblioteca Jorge de Souza Ara\u00fajo, localizada no interior do espa\u00e7o cultural.<\/p>\n","protected":false},"excerpt":{"rendered":"<p>\u00a0Parte da programa\u00e7\u00e3o de outubro da Tenda Teatro Popular de Ilh\u00e9us (TPI) foi dedicada \u00e0s crian\u00e7as e aos professores, cujas datas comemorativas foram neste m\u00eas. Para encerrar as atividades especiais, ser\u00e1 realizado o encontro com tr\u00eas escritores sobre \u201cA literatura infantojuvenil regional no contexto escolar\u201d. O debate come\u00e7a \u00e0s 19 horas desta quinta-feira (31) e [&hellip;]<\/p>\n","protected":false},"author":2,"featured_media":0,"comment_status":"open","ping_status":"open","sticky":false,"template":"","format":"standard","meta":{"_links_to":"","_links_to_target":""},"categories":[5],"tags":[],"_links":{"self":[{"href":"https:\/\/www.r2cpress.com.br\/v1\/wp-json\/wp\/v2\/posts\/74454"}],"collection":[{"href":"https:\/\/www.r2cpress.com.br\/v1\/wp-json\/wp\/v2\/posts"}],"about":[{"href":"https:\/\/www.r2cpress.com.br\/v1\/wp-json\/wp\/v2\/types\/post"}],"author":[{"embeddable":true,"href":"https:\/\/www.r2cpress.com.br\/v1\/wp-json\/wp\/v2\/users\/2"}],"replies":[{"embeddable":true,"href":"https:\/\/www.r2cpress.com.br\/v1\/wp-json\/wp\/v2\/comments?post=74454"}],"version-history":[{"count":2,"href":"https:\/\/www.r2cpress.com.br\/v1\/wp-json\/wp\/v2\/posts\/74454\/revisions"}],"predecessor-version":[{"id":74456,"href":"https:\/\/www.r2cpress.com.br\/v1\/wp-json\/wp\/v2\/posts\/74454\/revisions\/74456"}],"wp:attachment":[{"href":"https:\/\/www.r2cpress.com.br\/v1\/wp-json\/wp\/v2\/media?parent=74454"}],"wp:term":[{"taxonomy":"category","embeddable":true,"href":"https:\/\/www.r2cpress.com.br\/v1\/wp-json\/wp\/v2\/categories?post=74454"},{"taxonomy":"post_tag","embeddable":true,"href":"https:\/\/www.r2cpress.com.br\/v1\/wp-json\/wp\/v2\/tags?post=74454"}],"curies":[{"name":"wp","href":"https:\/\/api.w.org\/{rel}","templated":true}]}}