{"id":74483,"date":"2013-10-30T12:55:05","date_gmt":"2013-10-30T15:55:05","guid":{"rendered":"http:\/\/www.r2cpress.com.br\/v1\/?p=74483"},"modified":"2013-10-30T12:56:04","modified_gmt":"2013-10-30T15:56:04","slug":"morre-calucho-da-tempo-propaganda","status":"publish","type":"post","link":"https:\/\/www.r2cpress.com.br\/v1\/2013\/10\/30\/morre-calucho-da-tempo-propaganda\/","title":{"rendered":"MORRE CALUCHO, DA TEMPO PROPAGANDA"},"content":{"rendered":"<h2><a title=\"Permanent Link to MORRE CALUCHO, DA TEMPO PROPAGANDA\" href=\"http:\/\/www.pimenta.blog.br\/2013\/10\/30\/morre-calucho-da-tempo-propaganda\/\" rel=\"bookmark\">MORRE CALUCHO, DA TEMPO PROPAGANDA<\/a><\/h2>\n<div><img loading=\"lazy\" alt=\"PostDateIcon\" src=\"http:\/\/www.pimenta.blog.br\/wp-content\/themes\/pimenta4\/images\/PostDateIcon.png\" width=\"18\" height=\"18\" \/>\u00a0<strong>30\/out\/2013 .PIMENTA.BLOG.BR_ 12:06<\/strong><\/div>\n<div>\n<p><a href=\"http:\/\/www.pimenta.blog.br\/wp-content\/uploads\/Calucho-Tempo-Propaganda.jpg\" data-slb-group=\"138097\" data-slb-active=\"1\" data-slb-internal=\"0\"><img loading=\"lazy\" alt=\"Publicit\u00e1rio, Calucho filiou-se ao PCdoB em 1974.\" src=\"http:\/\/www.pimenta.blog.br\/wp-content\/uploads\/Calucho-Tempo-Propaganda.jpg\" width=\"550\" height=\"350\" \/><\/a><\/p>\n<p><em><strong>Publicit\u00e1rio, Calucho filiou-se ao PCdoB em 1974.<\/strong><\/em><\/p>\n<p>O economista e publicit\u00e1rio Carlos Ol\u00edmpio Martins de Carvalho, Calucho, faleceu nesta quarta-feira (30), em Salvador, vitimado por um c\u00e2ncer. Calucho era s\u00f3cio da ag\u00eancia Tempo Propaganda, uma das maiores do mercado baiano, e estava internado no Hospital Alian\u00e7a, na capital baiana.<\/p>\n<p>O publicit\u00e1rio deixa a esposa, Sara, dois filhos e quatro netos. O corpo de Calucho ser\u00e1 velado at\u00e9 as 15 horas no Cemit\u00e9rio Jardim da Saudade, em Salvador. Al\u00e9m de publicit\u00e1rio, ele era militante pol\u00edtico. Filiou-se ao PCdoB em 1974. Foi esposo da senadora L\u00eddice da Mata, com quem teve um filho.<\/p>\n<\/div>\n","protected":false},"excerpt":{"rendered":"<p>MORRE CALUCHO, DA TEMPO PROPAGANDA \u00a030\/out\/2013 .PIMENTA.BLOG.BR_ 12:06 Publicit\u00e1rio, Calucho filiou-se ao PCdoB em 1974. O economista e publicit\u00e1rio Carlos Ol\u00edmpio Martins de Carvalho, Calucho, faleceu nesta quarta-feira (30), em Salvador, vitimado por um c\u00e2ncer. Calucho era s\u00f3cio da ag\u00eancia Tempo Propaganda, uma das maiores do mercado baiano, e estava internado no Hospital Alian\u00e7a, na [&hellip;]<\/p>\n","protected":false},"author":2,"featured_media":0,"comment_status":"open","ping_status":"open","sticky":false,"template":"","format":"standard","meta":{"_links_to":"","_links_to_target":""},"categories":[13],"tags":[],"_links":{"self":[{"href":"https:\/\/www.r2cpress.com.br\/v1\/wp-json\/wp\/v2\/posts\/74483"}],"collection":[{"href":"https:\/\/www.r2cpress.com.br\/v1\/wp-json\/wp\/v2\/posts"}],"about":[{"href":"https:\/\/www.r2cpress.com.br\/v1\/wp-json\/wp\/v2\/types\/post"}],"author":[{"embeddable":true,"href":"https:\/\/www.r2cpress.com.br\/v1\/wp-json\/wp\/v2\/users\/2"}],"replies":[{"embeddable":true,"href":"https:\/\/www.r2cpress.com.br\/v1\/wp-json\/wp\/v2\/comments?post=74483"}],"version-history":[{"count":3,"href":"https:\/\/www.r2cpress.com.br\/v1\/wp-json\/wp\/v2\/posts\/74483\/revisions"}],"predecessor-version":[{"id":74486,"href":"https:\/\/www.r2cpress.com.br\/v1\/wp-json\/wp\/v2\/posts\/74483\/revisions\/74486"}],"wp:attachment":[{"href":"https:\/\/www.r2cpress.com.br\/v1\/wp-json\/wp\/v2\/media?parent=74483"}],"wp:term":[{"taxonomy":"category","embeddable":true,"href":"https:\/\/www.r2cpress.com.br\/v1\/wp-json\/wp\/v2\/categories?post=74483"},{"taxonomy":"post_tag","embeddable":true,"href":"https:\/\/www.r2cpress.com.br\/v1\/wp-json\/wp\/v2\/tags?post=74483"}],"curies":[{"name":"wp","href":"https:\/\/api.w.org\/{rel}","templated":true}]}}