{"id":74536,"date":"2013-10-31T16:10:33","date_gmt":"2013-10-31T19:10:33","guid":{"rendered":"http:\/\/www.r2cpress.com.br\/v1\/?p=74536"},"modified":"2013-10-31T16:20:14","modified_gmt":"2013-10-31T19:20:14","slug":"o-a-b","status":"publish","type":"post","link":"https:\/\/www.r2cpress.com.br\/v1\/2013\/10\/31\/o-a-b\/","title":{"rendered":"O A B"},"content":{"rendered":"<header>\n<h3 style=\"text-align: justify;\"><span style=\"color: #000080;\">Not\u00edcia excelente para o AMIGO Paulo de Oliveira, o nosso Paulinho da CEPLAC.<\/span><\/h3>\n<h3 style=\"text-align: justify;\"><span style=\"color: #000080;\">Hoje ele teve uma noticia que deixou o amigo\/colega \u00a0 muito feliz: a FILHOTA Carol (Paula Caroline Nascimento de Oliveira) passou nas provas da OAB. Paulinho, Gilvania, Carol e Celli est\u00e3o pulando at\u00e9 agora rsrsrsrsrsrs<\/span><\/h3>\n<h3 style=\"text-align: justify;\"><span style=\"color: #000080;\">A \u00a0danadinha, que \u00a0ainda vai se formar em janeiro, \u00a0 antecipou essa GRANDE alegria para todos n\u00f3s!!!!!!.<\/span><\/h3>\n<h3 style=\"text-align: justify;\"><span style=\"color: #000080;\">Parab\u00e9ns pro povo da\u00ed!<\/span><\/h3>\n<h3 style=\"text-align: justify;\"><span style=\"color: #000080;\">Abra\u00e7\u00e3o e fiquem com <span style=\"text-decoration: underline;\"><strong>DEUS<\/strong> <\/span>(Sempre!).<\/span><\/h3>\n<h3 style=\"text-align: justify;\"><span style=\"color: #000080;\">Rabat &amp; Banda (seus eternos vizinhos).<\/span><\/h3>\n<p><center><iframe loading=\"lazy\" src=\"http:\/\/www.slideshare.net\/slideshow\/embed_code\/27787806\" width=\"479\" height=\"511\" frameborder=\"0\" marginwidth=\"0\" marginheight=\"0\" scrolling=\"no\" style=\"border:1px solid #CCC;border-width:1px 1px 0;margin-bottom:5px\" allowfullscreen> <\/iframe> <\/p>\n<div style=\"margin-bottom:5px\"> <strong> <a href=\"https:\/\/www.slideshare.net\/r2cpress\/20131031101718-oab-resultado-preliminar2fasegeral\" title=\"20131031101718 oab -resultado preliminar-2_fase_geral\" target=\"_blank\">20131031101718 oab -resultado preliminar-2_fase_geral<\/a> <\/strong> from <strong><a href=\"http:\/\/www.slideshare.net\/r2cpress\" target=\"_blank\">Roberto Rabat Chame<\/a><\/strong> <\/div>\n<p><strong>Para ler em TELA CHEIA clique onde est\u00e3o as 4 setinhas (Lado direito).<\/strong><\/center><\/p>\n<h3>&#8212;<\/h3>\n<h1><a title=\"XI Exame de Ordem: apenas 12,27% dos candidatos foram aprovados\" href=\"http:\/\/blog.portalexamedeordem.com.br\/blog\/2013\/10\/xi-exame-de-ordem-apenas-1227-dos-candidatos-foram-aprovados\/\" rel=\"bookmark\">XI Exame de Ordem: apenas 12,27% dos candidatos foram aprovados<\/a><\/h1>\n<\/header>\n<div><\/div>\n<div>\n<p><img loading=\"lazy\" alt=\"0001\" src=\"http:\/\/blog.portalexamedeordem.com.br\/blog\/wp-content\/uploads\/2013\/07\/00012.jpg\" width=\"426\" height=\"433\" \/><\/p>\n<p>O XI Exame de Ordem teve um percentual de aprovados muito baixo: apenas\u00a0<strong>12,27%<\/strong>\u00a0dos candidatos presentes na 1\u00aa fase lograram a aprova\u00e7\u00e3o neste resultado preliminar<\/p>\n<p>Isso significa que apenas\u00a0<strong>12.011<\/strong>\u00a0candidatos dentro os\u00a0<strong>97.835 presentes<\/strong>\u00a0agora est\u00e3o comemorando.<\/p>\n<p><a href=\"http:\/\/img-oab.fgv.br\/336\/20131031101718-Resultado_Preliminar_2_fase_Geral.pdf\">Lista de aprovados<\/a><\/p>\n<p><a href=\"http:\/\/inscricaooab.fgv.br\/ResultadoSegundaFase.aspx?key=336&amp;tipo=P\">Consulta individual<\/a><\/p>\n<p>Vamos aos dados totais:<\/p>\n<p><strong>101.156<\/strong>\u00a0inscritos;<\/p>\n<p><strong>97.835<\/strong>\u00a0presentes na 1\u00aa fase,<\/p>\n<p><strong>19.211<\/strong>\u00a0aprovados na 1\u00aa etapa;<\/p>\n<p><strong>12.011<\/strong>\u00a0aprovados na lista preliminar.<\/p>\n<p>O percentual de aprova\u00e7\u00e3o entre os aprovados na 1\u00aa fase \u00e9 de\u00a0<strong>62,52%<\/strong>.<\/p>\n<p>Vou ser sincero: eu esperava um desempenho melhor dos candidatos em raz\u00e3o do que foram as provas. N\u00e3o se trata, evidentemente, de um desempenho ruim. Foi acima dos 50%, mas poderia ter sido mais, uns 70 ou mesmo 75% de aprova\u00e7\u00e3o.<\/p>\n<p>Ainda n\u00e3o temos um par\u00e2metros para analisar a qualidade das corre\u00e7\u00f5es. S\u00f3 conseguiremos ter essa no\u00e7\u00e3o amanh\u00e3, quando abre o prazo recursal. Talvez d\u00ea para melhorar um pouco isto, vamos ver.<\/p>\n<p>Vamos ver tamb\u00e9m as estat\u00edsticas dos Exames anteriores:<\/p>\n<p>2010.1 \u2013 95.764 inscritos \u2013 13.435 aprovados<\/p>\n<p>2010.2 \u2013 106.041 inscritos \u2013 16.974 aprovados<\/p>\n<p>2010.3 \u2013 106.891 inscritos \u2013 12.534 aprovados<\/p>\n<p>IV Unificado \u2013 121.380 inscritos \u2013 18.234 aprovados<\/p>\n<p>V Unificado \u2013 108.355 inscritos \u2013 26.024 aprovados<\/p>\n<p>VI Unificado \u2013 101.246 inscritos \u2013 25.912 aprovados<\/p>\n<p>VII Unificado \u2013 111.909 inscritos \u2013 16.419 aprovados<\/p>\n<p>VIII Unificado \u2013 117.852 inscritos \u2013 20.785 aprovados<\/p>\n<p>IX Unificado \u2013 118.537 inscritos \u2013 12.513 aprovados<\/p>\n<p>X Unificado \u2013 124.887 inscritos &#8211;\u00a032.088 aprovados<\/p>\n<p>XI Unificado \u2013 101.156 inscritos \u2013 12.011 aprovados (preliminar)<\/p>\n<p>Ainda hoje falarei sobre os recursos.<\/p>\n<\/div>\n","protected":false},"excerpt":{"rendered":"<p>Not\u00edcia excelente para o AMIGO Paulo de Oliveira, o nosso Paulinho da CEPLAC. Hoje ele teve uma noticia que deixou o amigo\/colega \u00a0 muito feliz: a FILHOTA Carol (Paula Caroline Nascimento de Oliveira) passou nas provas da OAB. Paulinho, Gilvania, Carol e Celli est\u00e3o pulando at\u00e9 agora rsrsrsrsrsrs A \u00a0danadinha, que \u00a0ainda vai se formar [&hellip;]<\/p>\n","protected":false},"author":2,"featured_media":0,"comment_status":"open","ping_status":"open","sticky":false,"template":"","format":"standard","meta":{"_links_to":"","_links_to_target":""},"categories":[13],"tags":[],"_links":{"self":[{"href":"https:\/\/www.r2cpress.com.br\/v1\/wp-json\/wp\/v2\/posts\/74536"}],"collection":[{"href":"https:\/\/www.r2cpress.com.br\/v1\/wp-json\/wp\/v2\/posts"}],"about":[{"href":"https:\/\/www.r2cpress.com.br\/v1\/wp-json\/wp\/v2\/types\/post"}],"author":[{"embeddable":true,"href":"https:\/\/www.r2cpress.com.br\/v1\/wp-json\/wp\/v2\/users\/2"}],"replies":[{"embeddable":true,"href":"https:\/\/www.r2cpress.com.br\/v1\/wp-json\/wp\/v2\/comments?post=74536"}],"version-history":[{"count":5,"href":"https:\/\/www.r2cpress.com.br\/v1\/wp-json\/wp\/v2\/posts\/74536\/revisions"}],"predecessor-version":[{"id":74545,"href":"https:\/\/www.r2cpress.com.br\/v1\/wp-json\/wp\/v2\/posts\/74536\/revisions\/74545"}],"wp:attachment":[{"href":"https:\/\/www.r2cpress.com.br\/v1\/wp-json\/wp\/v2\/media?parent=74536"}],"wp:term":[{"taxonomy":"category","embeddable":true,"href":"https:\/\/www.r2cpress.com.br\/v1\/wp-json\/wp\/v2\/categories?post=74536"},{"taxonomy":"post_tag","embeddable":true,"href":"https:\/\/www.r2cpress.com.br\/v1\/wp-json\/wp\/v2\/tags?post=74536"}],"curies":[{"name":"wp","href":"https:\/\/api.w.org\/{rel}","templated":true}]}}