{"id":74692,"date":"2013-11-04T11:03:51","date_gmt":"2013-11-04T14:03:51","guid":{"rendered":"http:\/\/www.r2cpress.com.br\/v1\/?p=74692"},"modified":"2013-11-04T11:03:51","modified_gmt":"2013-11-04T14:03:51","slug":"encontro-de-noivos","status":"publish","type":"post","link":"https:\/\/www.r2cpress.com.br\/v1\/2013\/11\/04\/encontro-de-noivos\/","title":{"rendered":"Encontro de Noivos"},"content":{"rendered":"<p>ATEN\u00c7\u00c3O NOIVOS!<\/p>\n<p>Nesta semana estar\u00e1 acontecendo o \u00faltimo Encontro de Noivos do ano, da Igreja Cat\u00f3lica da Par\u00f3quia de S\u00e3o Jorge. Ser\u00e1 nos dias 07, 08 e 09\/11\/2013 \u00e0s 19h.<br \/>\nLembramos a quem for casar nos meses de Novembro, Dezembro deste ano e Janeiro de 2014, providenciem suas inscri\u00e7\u00f5es que podem ser feitas na Secretaria da Catedral S\u00e3o Sebasti\u00e3o, onde acontece o Encontro ou no primeiro dia, quinta-feira dia 07, antes de iniciar&#8230; Qualquer d\u00favida ligar para a Catedral: 3231-2374 e falar com Luciene.<br \/>\nO Encontro de Noivos est\u00e1 inserido na Pastoral Familiar da nossa Igreja Cat\u00f3lica e previsto no \u201cSetor Fam\u00edlia e Vida \u2013 CNBB\u201d.<br \/>\nEsperamos voc\u00eas!<\/p>\n<p>&#8212;<br \/>\nEquipe de Prepara\u00e7\u00e3o.<\/p>\n","protected":false},"excerpt":{"rendered":"<p>ATEN\u00c7\u00c3O NOIVOS! Nesta semana estar\u00e1 acontecendo o \u00faltimo Encontro de Noivos do ano, da Igreja Cat\u00f3lica da Par\u00f3quia de S\u00e3o Jorge. Ser\u00e1 nos dias 07, 08 e 09\/11\/2013 \u00e0s 19h. Lembramos a quem for casar nos meses de Novembro, Dezembro deste ano e Janeiro de 2014, providenciem suas inscri\u00e7\u00f5es que podem ser feitas na Secretaria [&hellip;]<\/p>\n","protected":false},"author":2,"featured_media":0,"comment_status":"open","ping_status":"open","sticky":false,"template":"","format":"standard","meta":{"_links_to":"","_links_to_target":""},"categories":[28],"tags":[],"_links":{"self":[{"href":"https:\/\/www.r2cpress.com.br\/v1\/wp-json\/wp\/v2\/posts\/74692"}],"collection":[{"href":"https:\/\/www.r2cpress.com.br\/v1\/wp-json\/wp\/v2\/posts"}],"about":[{"href":"https:\/\/www.r2cpress.com.br\/v1\/wp-json\/wp\/v2\/types\/post"}],"author":[{"embeddable":true,"href":"https:\/\/www.r2cpress.com.br\/v1\/wp-json\/wp\/v2\/users\/2"}],"replies":[{"embeddable":true,"href":"https:\/\/www.r2cpress.com.br\/v1\/wp-json\/wp\/v2\/comments?post=74692"}],"version-history":[{"count":1,"href":"https:\/\/www.r2cpress.com.br\/v1\/wp-json\/wp\/v2\/posts\/74692\/revisions"}],"predecessor-version":[{"id":74693,"href":"https:\/\/www.r2cpress.com.br\/v1\/wp-json\/wp\/v2\/posts\/74692\/revisions\/74693"}],"wp:attachment":[{"href":"https:\/\/www.r2cpress.com.br\/v1\/wp-json\/wp\/v2\/media?parent=74692"}],"wp:term":[{"taxonomy":"category","embeddable":true,"href":"https:\/\/www.r2cpress.com.br\/v1\/wp-json\/wp\/v2\/categories?post=74692"},{"taxonomy":"post_tag","embeddable":true,"href":"https:\/\/www.r2cpress.com.br\/v1\/wp-json\/wp\/v2\/tags?post=74692"}],"curies":[{"name":"wp","href":"https:\/\/api.w.org\/{rel}","templated":true}]}}