{"id":74777,"date":"2013-11-06T11:59:24","date_gmt":"2013-11-06T14:59:24","guid":{"rendered":"http:\/\/www.r2cpress.com.br\/v1\/?p=74777"},"modified":"2013-11-06T11:59:24","modified_gmt":"2013-11-06T14:59:24","slug":"mais-medicos-o-perigo-e-real","status":"publish","type":"post","link":"https:\/\/www.r2cpress.com.br\/v1\/2013\/11\/06\/mais-medicos-o-perigo-e-real\/","title":{"rendered":"MAIS M\u00c9DICOS: O PERIGO \u00c9 REAL"},"content":{"rendered":"<p>\u00c9 constrangedor a qualquer cidad\u00e3o ver que autoridades que deveriam defender os anseios dos brasileiros ignoram a import\u00e2ncia da sa\u00fade, deixando claro que n\u00e3o t\u00eam compromisso algum com a assist\u00eancia de qualidade. Exemplo disso \u00e9 o \u201cMais M\u00e9dicos\u201d que, em poucos meses, j\u00e1 come\u00e7ou a demonstrar sua fragilidade. Um grupo de 48 profissionais que atua pelo programa foi reprovado no Revalida, exame federal para reconhecer o diploma de medicina obtido no exterior. Eles foram aceitos para atuar na aten\u00e7\u00e3o b\u00e1sica prioritariamente no interior do pa\u00eds, onde h\u00e1 as maiores car\u00eancias. Contudo, muitos deles acabaram sendo alocados em grandes centros.<\/p>\n<p>No total, 1.440 candidatos n\u00e3o passaram para a segunda fase. Entretanto, os 48 reprovados poder\u00e3o exercer a medicina, mesmo ap\u00f3s atestado de que n\u00e3o est\u00e3o qualificados para tal. Com fim meramente eleitoreiro, permite-se que profissionais de capacidade insuficiente exer\u00e7am a medicina. E \u00e9 a popula\u00e7\u00e3o, em particular as pessoas mais vulner\u00e1reis, que corre risco real.<\/p>\n<p>A\u00ed est\u00e1 o motivo dos m\u00e9dicos brasileiros se mostrarem t\u00e3o preocupados com o fato do \u201cMais M\u00e9dicos\u201d dispensar o Revalida para admiss\u00e3o dos estrangeiros. Tamb\u00e9m se torna evidente a raz\u00e3o das entidades m\u00e9dicas rejeitarem alguns pontos do programa. N\u00e3o se trata de xenofobia, muito menos de competi\u00e7\u00e3o no mercado com os colegas estrangeiros. Trata-se de uma medida que interfere negativamente na estrutura da nossa medicina, reconhecida mundialmente por sua excel\u00eancia.<\/p>\n<p><!--more--><\/p>\n<p>A verdade \u00e9 que n\u00f3s, m\u00e9dicos brasileiros, permanecemos sensibilizados com a falta de assist\u00eancia em regi\u00f5es afastadas, mas temos a consci\u00eancia de que sem a infraestrutura necess\u00e1ria n\u00e3o h\u00e1 muito como avan\u00e7ar. M\u00e9dico n\u00e3o \u00e9 m\u00e1gico, precisa ter \u00e0 disposi\u00e7\u00e3o medicamentos, equipamentos, exames, equipe multidisciplinar e outros profissionais da sa\u00fade.<\/p>\n<p>Os m\u00e9dicos formados fora n\u00e3o conhecem a realidade do nosso sistema p\u00fablico de sa\u00fade e est\u00e3o iludidos com o discurso marqueteiro do governo. Atrav\u00e9s dessa medida, o Minist\u00e9rio da Sa\u00fade desrespeita tudo que j\u00e1 foi constru\u00eddo pelas entidades m\u00e9dicas e acad\u00eamicas nacionais, que v\u00eam colocando o Brasil em posi\u00e7\u00e3o de destaque na medicina internacional.<\/p>\n<p>Infelizmente esse \u00e9 mais engodo que nos acostumamos a ver \u00e0s v\u00e9speras das elei\u00e7\u00f5es. Ao inv\u00e9s de investir dinheiro p\u00fablico para construir bons hospitais e postos de sa\u00fade, o que obviamente levaria profissionais para qualquer canto do Brasil, o governo opta por ludibriar a popula\u00e7\u00e3o com a presen\u00e7a de m\u00e9dicos sem qualifica\u00e7\u00e3o. N\u00e3o podemos aceitar essa invers\u00e3o de valores.<\/p>\n<p>\u00c9 frequentemente dito na m\u00eddia que os cubanos v\u00eam para c\u00e1 imbu\u00eddos de um profundo sentimento humanista, com objetivo de prestar assist\u00eancia ao povo j\u00e1 que os m\u00e9dicos brasileiros n\u00e3o se preocupam com a sua comunidade carente. Esse profundo humanismo deve ser questionado, pois, por pior que sejam os locais afastados nos quais esses profissionais ir\u00e3o atuar, ainda assim \u00e9 muito maior a liberdade vivenciada aqui do que em seu pa\u00eds de origem. No Brasil eles podem inclusive aproveitar o sol e a beleza naturais caracter\u00edsticas de todas as regi\u00f5es. Certamente na hora de enfrentarem a falta de infraestrutura, ambulat\u00f3rios feitos de sap\u00e9, com insetos nas paredes, o saldo positivo, a despeito de receberem uma ninharia de sal\u00e1rio e passarem tr\u00eas anos afastados da fam\u00edlia.  <\/p>\n<p>Antonio Carlos Lopes, presidente da Sociedade Brasileira de Cl\u00ednica M\u00e9dica<\/p>\n","protected":false},"excerpt":{"rendered":"<p>\u00c9 constrangedor a qualquer cidad\u00e3o ver que autoridades que deveriam defender os anseios dos brasileiros ignoram a import\u00e2ncia da sa\u00fade, deixando claro que n\u00e3o t\u00eam compromisso algum com a assist\u00eancia de qualidade. Exemplo disso \u00e9 o \u201cMais M\u00e9dicos\u201d que, em poucos meses, j\u00e1 come\u00e7ou a demonstrar sua fragilidade. Um grupo de 48 profissionais que atua [&hellip;]<\/p>\n","protected":false},"author":2,"featured_media":0,"comment_status":"open","ping_status":"open","sticky":false,"template":"","format":"standard","meta":{"_links_to":"","_links_to_target":""},"categories":[24],"tags":[],"_links":{"self":[{"href":"https:\/\/www.r2cpress.com.br\/v1\/wp-json\/wp\/v2\/posts\/74777"}],"collection":[{"href":"https:\/\/www.r2cpress.com.br\/v1\/wp-json\/wp\/v2\/posts"}],"about":[{"href":"https:\/\/www.r2cpress.com.br\/v1\/wp-json\/wp\/v2\/types\/post"}],"author":[{"embeddable":true,"href":"https:\/\/www.r2cpress.com.br\/v1\/wp-json\/wp\/v2\/users\/2"}],"replies":[{"embeddable":true,"href":"https:\/\/www.r2cpress.com.br\/v1\/wp-json\/wp\/v2\/comments?post=74777"}],"version-history":[{"count":2,"href":"https:\/\/www.r2cpress.com.br\/v1\/wp-json\/wp\/v2\/posts\/74777\/revisions"}],"predecessor-version":[{"id":74779,"href":"https:\/\/www.r2cpress.com.br\/v1\/wp-json\/wp\/v2\/posts\/74777\/revisions\/74779"}],"wp:attachment":[{"href":"https:\/\/www.r2cpress.com.br\/v1\/wp-json\/wp\/v2\/media?parent=74777"}],"wp:term":[{"taxonomy":"category","embeddable":true,"href":"https:\/\/www.r2cpress.com.br\/v1\/wp-json\/wp\/v2\/categories?post=74777"},{"taxonomy":"post_tag","embeddable":true,"href":"https:\/\/www.r2cpress.com.br\/v1\/wp-json\/wp\/v2\/tags?post=74777"}],"curies":[{"name":"wp","href":"https:\/\/api.w.org\/{rel}","templated":true}]}}