{"id":74798,"date":"2013-11-06T18:59:21","date_gmt":"2013-11-06T21:59:21","guid":{"rendered":"http:\/\/www.r2cpress.com.br\/v1\/?p=74798"},"modified":"2013-11-06T18:59:21","modified_gmt":"2013-11-06T21:59:21","slug":"prefeitura-de-canavieiras-28","status":"publish","type":"post","link":"https:\/\/www.r2cpress.com.br\/v1\/2013\/11\/06\/prefeitura-de-canavieiras-28\/","title":{"rendered":"Prefeitura de Canavieiras"},"content":{"rendered":"<p style=\"text-align: center;\" align=\"center\"><b>Sa\u00fade d\u00e1 palestras e orienta\u00e7\u00f5es s<\/b><b>obre preven\u00e7\u00e3o e primeiros socorros<\/b><\/p>\n<p style=\"text-align: center;\"><b>\u00a0<\/b><\/p>\n<div id=\"attachment_74799\" style=\"width: 610px\" class=\"wp-caption aligncenter\"><a href=\"http:\/\/www.r2cpress.com.br\/v1\/wp-content\/uploads\/Sa\u00fade-d\u00e1-palestra-na-Creche-Vov\u00f3-Cabocla.jpg\"><img aria-describedby=\"caption-attachment-74799\" loading=\"lazy\" class=\"size-full wp-image-74799\" alt=\"Sa\u00fade d\u00e1 palestra na Creche Vov\u00f3 Cabocla.\" src=\"http:\/\/www.r2cpress.com.br\/v1\/wp-content\/uploads\/Sa\u00fade-d\u00e1-palestra-na-Creche-Vov\u00f3-Cabocla.jpg\" width=\"600\" height=\"450\" srcset=\"https:\/\/www.r2cpress.com.br\/v1\/wp-content\/uploads\/Sa\u00fade-d\u00e1-palestra-na-Creche-Vov\u00f3-Cabocla.jpg 600w, https:\/\/www.r2cpress.com.br\/v1\/wp-content\/uploads\/Sa\u00fade-d\u00e1-palestra-na-Creche-Vov\u00f3-Cabocla-300x225.jpg 300w\" sizes=\"(max-width: 600px) 100vw, 600px\" \/><\/a><p id=\"caption-attachment-74799\" class=\"wp-caption-text\">Sa\u00fade d\u00e1 palestra na Creche Vov\u00f3 Cabocla.<\/p><\/div>\n<p>A Secretaria Municipal da Sa\u00fade est\u00e1 intensificando o relacionamento com a comunidade, proferindo palestras e orienta\u00e7\u00f5es sobre higiene pessoal e preven\u00e7\u00f5es contra doen\u00e7as e riscos. A \u00faltima institui\u00e7\u00e3o a receber o grupo da de orienta\u00e7\u00f5es da Sa\u00fade foi a Creche Vov\u00f3 Cabocla, localizada no bairro S\u00f3crates Resende.<\/p>\n<p>Durante toda a tarde, foram feitas orienta\u00e7\u00f5es sobre primeiros socorros aos funcion\u00e1rios da creche e m\u00e3es de crian\u00e7as, que fizeram bastantes perguntas sobre choques el\u00e9tricos e queimaduras nas crian\u00e7as. As simula\u00e7\u00f5es sobre as manobras adequadas e explica\u00e7\u00f5es ficaram sob a responsabilidade da enfermeira Ysloane Nascimento, que atualmente trabalha no Hospital Regis Pacheco.<\/p>\n<p>A aproxima\u00e7\u00e3o mais frequentes das a\u00e7\u00f5es da Sa\u00fade mais pr\u00f3ximas da comunidade \u00e9 a proposta da secret\u00e1ria da Sa\u00fade, Roberta Barros, no sentido de ampliar e implementar novos programas. Al\u00e9m de oferecer servi\u00e7os de atendimento m\u00e9dico na aten\u00e7\u00e3o b\u00e1sica, beneficiando as \u00e1reas urbana e rural, de forma constante, o objetivo \u00e9 levar mais a\u00e7\u00f5es para prevenir a popula\u00e7\u00e3o das doen\u00e7as.<\/p>\n<p>Essas a\u00e7\u00f5es ser\u00e3o desenvolvidas enquanto os pacientes aguardam atendimento na sala de espera, recebendo informa\u00e7\u00f5es sobre no\u00e7\u00f5es b\u00e1sicas de higiene, a exemplo de lavar as m\u00e3os, escovar os dentes, dentre outros. Tamb\u00e9m ser\u00e3o dever\u00e3o ser realizados eventos em parceria com associa\u00e7\u00f5es de moradores e palestras com orienta\u00e7\u00f5es sobre sa\u00fade.<\/p>\n","protected":false},"excerpt":{"rendered":"<p>Sa\u00fade d\u00e1 palestras e orienta\u00e7\u00f5es sobre preven\u00e7\u00e3o e primeiros socorros \u00a0 A Secretaria Municipal da Sa\u00fade est\u00e1 intensificando o relacionamento com a comunidade, proferindo palestras e orienta\u00e7\u00f5es sobre higiene pessoal e preven\u00e7\u00f5es contra doen\u00e7as e riscos. A \u00faltima institui\u00e7\u00e3o a receber o grupo da de orienta\u00e7\u00f5es da Sa\u00fade foi a Creche Vov\u00f3 Cabocla, localizada no [&hellip;]<\/p>\n","protected":false},"author":2,"featured_media":0,"comment_status":"open","ping_status":"open","sticky":false,"template":"","format":"standard","meta":{"_links_to":"","_links_to_target":""},"categories":[22],"tags":[],"_links":{"self":[{"href":"https:\/\/www.r2cpress.com.br\/v1\/wp-json\/wp\/v2\/posts\/74798"}],"collection":[{"href":"https:\/\/www.r2cpress.com.br\/v1\/wp-json\/wp\/v2\/posts"}],"about":[{"href":"https:\/\/www.r2cpress.com.br\/v1\/wp-json\/wp\/v2\/types\/post"}],"author":[{"embeddable":true,"href":"https:\/\/www.r2cpress.com.br\/v1\/wp-json\/wp\/v2\/users\/2"}],"replies":[{"embeddable":true,"href":"https:\/\/www.r2cpress.com.br\/v1\/wp-json\/wp\/v2\/comments?post=74798"}],"version-history":[{"count":3,"href":"https:\/\/www.r2cpress.com.br\/v1\/wp-json\/wp\/v2\/posts\/74798\/revisions"}],"predecessor-version":[{"id":74802,"href":"https:\/\/www.r2cpress.com.br\/v1\/wp-json\/wp\/v2\/posts\/74798\/revisions\/74802"}],"wp:attachment":[{"href":"https:\/\/www.r2cpress.com.br\/v1\/wp-json\/wp\/v2\/media?parent=74798"}],"wp:term":[{"taxonomy":"category","embeddable":true,"href":"https:\/\/www.r2cpress.com.br\/v1\/wp-json\/wp\/v2\/categories?post=74798"},{"taxonomy":"post_tag","embeddable":true,"href":"https:\/\/www.r2cpress.com.br\/v1\/wp-json\/wp\/v2\/tags?post=74798"}],"curies":[{"name":"wp","href":"https:\/\/api.w.org\/{rel}","templated":true}]}}