{"id":74883,"date":"2013-11-08T11:34:40","date_gmt":"2013-11-08T14:34:40","guid":{"rendered":"http:\/\/www.r2cpress.com.br\/v1\/?p=74883"},"modified":"2013-11-08T11:34:40","modified_gmt":"2013-11-08T14:34:40","slug":"santa-casa-de-misericordia-de-ilheus-4","status":"publish","type":"post","link":"https:\/\/www.r2cpress.com.br\/v1\/2013\/11\/08\/santa-casa-de-misericordia-de-ilheus-4\/","title":{"rendered":"Santa Casa de Miseric\u00f3rdia de Ilh\u00e9us"},"content":{"rendered":"<p><strong>Data importante para a  cidade de Ilh\u00e9us.<br \/>\nHospital S\u00e3o Jos\u00e9<br \/>\nReinaugura\u00e7\u00e3o do Pronto Socorro &#8211; Urg\u00eancia e Emerg\u00eancia &#8211;  (24 horas).<\/strong><\/p>\n<p>Para n\u00e3o correr risco de esquecer os nomes dos presentes, abra\u00e7o a ala feminina do Hospital na pessoa de <strong>Marly Arruda <\/strong>(AMIGA\/IRM\u00c3) e os M\u00e9dicos, provedoria, servidores, enfermeiros e outros na pessoa do <strong>Dr Juvenal Mascarenhas Nassri <\/strong>(AMIGO\/Irm\u00e3o).<\/p>\n<p>Bj\u00e3o para todos com votos de mais sucesso\/conquistas e fiquem com <strong>DEUS <\/strong>(Sempre!).<\/p>\n<p>Rabat.<\/p>\n<p><center>  <img loading=\"lazy\" src=\"https:\/\/lh5.googleusercontent.com\/-ur_BGM2xghM\/Unzu6wrlt-I\/AAAAAAABOcA\/ZrPf-O5R95Y\/s512\/CAPA%2520R2CPRESS.jpg\" width=\"324\" height=\"512\" class=\"aligncenter\" \/>   <\/center><\/p>\n<p><center> <strong>Veja 115 FOTOS clicando<\/strong> <a href = \"https:\/\/picasaweb.google.com\/103663298022228975452\/HOSPITALSOJOS#5943888301489764322\" target = \"_news\"><b>AQUI<\/b><\/a> <strong>e depois na SETA para AVAN\u00c7AR.<\/strong><\/center><\/p>\n<p>Presen\u00e7a  do Secret\u00e1rio de Estado (Sa\u00fade) Jorge Solla, prefeito municipal Jabes Ribeiro, Vice prefeito Cac\u00e1, deputados, vereadores, pol\u00edticos da cidade de Ilh\u00e9us e cidades circunvizinhas, imprensa e profissionais da \u00e1rea de sa\u00fade da capital e regi\u00e3o sul da Bahia<\/p>\n","protected":false},"excerpt":{"rendered":"<p>Data importante para a cidade de Ilh\u00e9us. Hospital S\u00e3o Jos\u00e9 Reinaugura\u00e7\u00e3o do Pronto Socorro &#8211; Urg\u00eancia e Emerg\u00eancia &#8211; (24 horas). Para n\u00e3o correr risco de esquecer os nomes dos presentes, abra\u00e7o a ala feminina do Hospital na pessoa de Marly Arruda (AMIGA\/IRM\u00c3) e os M\u00e9dicos, provedoria, servidores, enfermeiros e outros na pessoa do Dr [&hellip;]<\/p>\n","protected":false},"author":2,"featured_media":0,"comment_status":"open","ping_status":"open","sticky":false,"template":"","format":"standard","meta":{"_links_to":"","_links_to_target":""},"categories":[24],"tags":[],"_links":{"self":[{"href":"https:\/\/www.r2cpress.com.br\/v1\/wp-json\/wp\/v2\/posts\/74883"}],"collection":[{"href":"https:\/\/www.r2cpress.com.br\/v1\/wp-json\/wp\/v2\/posts"}],"about":[{"href":"https:\/\/www.r2cpress.com.br\/v1\/wp-json\/wp\/v2\/types\/post"}],"author":[{"embeddable":true,"href":"https:\/\/www.r2cpress.com.br\/v1\/wp-json\/wp\/v2\/users\/2"}],"replies":[{"embeddable":true,"href":"https:\/\/www.r2cpress.com.br\/v1\/wp-json\/wp\/v2\/comments?post=74883"}],"version-history":[{"count":7,"href":"https:\/\/www.r2cpress.com.br\/v1\/wp-json\/wp\/v2\/posts\/74883\/revisions"}],"predecessor-version":[{"id":74890,"href":"https:\/\/www.r2cpress.com.br\/v1\/wp-json\/wp\/v2\/posts\/74883\/revisions\/74890"}],"wp:attachment":[{"href":"https:\/\/www.r2cpress.com.br\/v1\/wp-json\/wp\/v2\/media?parent=74883"}],"wp:term":[{"taxonomy":"category","embeddable":true,"href":"https:\/\/www.r2cpress.com.br\/v1\/wp-json\/wp\/v2\/categories?post=74883"},{"taxonomy":"post_tag","embeddable":true,"href":"https:\/\/www.r2cpress.com.br\/v1\/wp-json\/wp\/v2\/tags?post=74883"}],"curies":[{"name":"wp","href":"https:\/\/api.w.org\/{rel}","templated":true}]}}