{"id":749,"date":"2010-10-25T15:46:43","date_gmt":"2010-10-25T18:46:43","guid":{"rendered":"http:\/\/www.r2cpress.com.br\/v1\/?p=749"},"modified":"2010-10-25T15:46:43","modified_gmt":"2010-10-25T18:46:43","slug":"camara-municipal-de-ilheus-3","status":"publish","type":"post","link":"https:\/\/www.r2cpress.com.br\/v1\/2010\/10\/25\/camara-municipal-de-ilheus-3\/","title":{"rendered":"C\u00e2mara Municipal de Ilh\u00e9us"},"content":{"rendered":"<p><strong>Vereador Rafael Benevides planeja Sess\u00e3o Especial com a Telemar\/OI<\/strong><\/p>\n<p><div id=\"attachment_750\" style=\"width: 231px\" class=\"wp-caption alignright\"><a href=\"http:\/\/www.r2cpress.com.br\/v1\/wp-content\/uploads\/cmi-rafael-benevides.jpg\"><img aria-describedby=\"caption-attachment-750\" loading=\"lazy\" src=\"http:\/\/www.r2cpress.com.br\/v1\/wp-content\/uploads\/cmi-rafael-benevides.jpg\" alt=\"\" title=\"cmi rafael benevides\" width=\"221\" height=\"166\" class=\"size-full wp-image-750\" \/><\/a><p id=\"caption-attachment-750\" class=\"wp-caption-text\">Vereador Rafael Benevides<\/p><\/div><br \/>\nO vereador Rafael Benevides apresentar\u00e1 em breve na C\u00e2mara de Vereadores de Ilh\u00e9us importantes projetos que contribuir\u00e3o para a melhoria de vida dos ilheenses. Uma Sess\u00e3o Especial sobre a falta de manuten\u00e7\u00e3o nos telefones p\u00fablicos da cidade est\u00e1 sendo agendada. Benevides espera convocar os respons\u00e1veis pela Telemar\/Oi para se explicarem e darem solu\u00e7\u00e3o ao problema. \u201cH\u00e1 um estudo detalhado sobre a situa\u00e7\u00e3o da operadora Telemar\/Oi aqui em Ilh\u00e9us sobre os maus servi\u00e7os que vem sendo executado por empreiteiras destas concession\u00e1rias &#8211; 75% dos orelh\u00f5es em Ilh\u00e9us n\u00e3o funcionam e os poucos que s\u00e3o utilizados est\u00e3o sujos e imundos, podendo causar doen\u00e7as ao ser humano. Um verdadeiro descaso\u201d, afirma o vereador.<\/p>\n<p><strong>Projetos de Lei que beneficiar\u00e3o os ilheenses<\/strong><br \/>\n<!--more--><br \/>\nRafael Benevides ainda estuda a possibilidade de apresentar tr\u00eas Projetos de Leis importantiss\u00edmos para o enquadramento de algumas situa\u00e7\u00f5es no \u00e2mbito da cidade de Ilh\u00e9us: O primeiro disp\u00f5e sobre a obrigatoriedade dos profissionais das \u00e1reas m\u00e9dica e odontol\u00f3gica estabelecidos no Munic\u00edpio, de emitirem receitas datilografadas, ou impressas em computador, ou ainda manuscritas em letra de forma; O segundo disp\u00f5e sobre a obrigatoriedade de instala\u00e7\u00e3o de dispositivo eletr\u00f4nico que s\u00f3 permita abertura da porta de acesso a banco 24 horas no munic\u00edpio, com cart\u00e3o magn\u00e9tico da conta do usu\u00e1rio e, por \u00faltimo o Projeto que disp\u00f5e a aplica\u00e7\u00e3o de multa aos respons\u00e1veis pela distribui\u00e7\u00e3o deliberada de material de divulga\u00e7\u00e3o de eventos, promo\u00e7\u00f5es e servi\u00e7os na cidade, o que vem contribuindo para a sujeira das vias p\u00fablicas.<\/p>\n<p>As iniciativas merecem uma aten\u00e7\u00e3o especial e, assim que passarem pela Comiss\u00e3o Permanente de Legisla\u00e7\u00e3o e Justi\u00e7a, o vereador apresentar\u00e1 suas justificativas e observa\u00e7\u00f5es legais em plen\u00e1rio. \u201cProjetos desta envergadura j\u00e1 funcionam em outras cidades, a exemplo de Fortaleza\u201d, conclui Benevides.<\/p>\n","protected":false},"excerpt":{"rendered":"<p>Vereador Rafael Benevides planeja Sess\u00e3o Especial com a Telemar\/OI O vereador Rafael Benevides apresentar\u00e1 em breve na C\u00e2mara de Vereadores de Ilh\u00e9us importantes projetos que contribuir\u00e3o para a melhoria de vida dos ilheenses. Uma Sess\u00e3o Especial sobre a falta de manuten\u00e7\u00e3o nos telefones p\u00fablicos da cidade est\u00e1 sendo agendada. Benevides espera convocar os respons\u00e1veis pela [&hellip;]<\/p>\n","protected":false},"author":2,"featured_media":0,"comment_status":"open","ping_status":"open","sticky":false,"template":"","format":"standard","meta":{"_links_to":"","_links_to_target":""},"categories":[22],"tags":[],"_links":{"self":[{"href":"https:\/\/www.r2cpress.com.br\/v1\/wp-json\/wp\/v2\/posts\/749"}],"collection":[{"href":"https:\/\/www.r2cpress.com.br\/v1\/wp-json\/wp\/v2\/posts"}],"about":[{"href":"https:\/\/www.r2cpress.com.br\/v1\/wp-json\/wp\/v2\/types\/post"}],"author":[{"embeddable":true,"href":"https:\/\/www.r2cpress.com.br\/v1\/wp-json\/wp\/v2\/users\/2"}],"replies":[{"embeddable":true,"href":"https:\/\/www.r2cpress.com.br\/v1\/wp-json\/wp\/v2\/comments?post=749"}],"version-history":[{"count":2,"href":"https:\/\/www.r2cpress.com.br\/v1\/wp-json\/wp\/v2\/posts\/749\/revisions"}],"predecessor-version":[{"id":752,"href":"https:\/\/www.r2cpress.com.br\/v1\/wp-json\/wp\/v2\/posts\/749\/revisions\/752"}],"wp:attachment":[{"href":"https:\/\/www.r2cpress.com.br\/v1\/wp-json\/wp\/v2\/media?parent=749"}],"wp:term":[{"taxonomy":"category","embeddable":true,"href":"https:\/\/www.r2cpress.com.br\/v1\/wp-json\/wp\/v2\/categories?post=749"},{"taxonomy":"post_tag","embeddable":true,"href":"https:\/\/www.r2cpress.com.br\/v1\/wp-json\/wp\/v2\/tags?post=749"}],"curies":[{"name":"wp","href":"https:\/\/api.w.org\/{rel}","templated":true}]}}