{"id":7499,"date":"2011-01-26T16:40:57","date_gmt":"2011-01-26T19:40:57","guid":{"rendered":"http:\/\/www.r2cpress.com.br\/v1\/?p=7499"},"modified":"2011-01-26T16:40:57","modified_gmt":"2011-01-26T19:40:57","slug":"professores-contratados-sem-salario-mes-de-dezembro2010","status":"publish","type":"post","link":"https:\/\/www.r2cpress.com.br\/v1\/2011\/01\/26\/professores-contratados-sem-salario-mes-de-dezembro2010\/","title":{"rendered":"PROFESSORES CONTRATADOS SEM SAL\u00c1RIO MES DE DEZEMBRO\/2010."},"content":{"rendered":"<p>De: Marcelo Dimas <marcelodimas @hotmail.com><br \/>\nAssunto: <strong>PROFESSORES CONTRATADOS SEM SAL\u00c1RIO MES DE DEZEMBRO\/2010.<\/strong><\/p>\n<p>Corpo da mensagem:<br \/>\nBoa tarde! Sr. Rabat, a falta de consci\u00eancia, o desrespeito, do Prefeito de Ilh\u00e9us e da secret\u00e1ria de educa\u00e7\u00e3o desse munic\u00edpio, est\u00e1 chegando ao extremo. Hoje \u00e9 26\/01\/2011, e nem todos os professores contratados do ano de 2010, receberam sal\u00e1rios de dezembro. Eles s\u00f3 pagaram at\u00e9 o valor de R$ 1.200,00. Como ficam os professores que n\u00e3o receberam? Ser\u00e1 que vai ser preciso entrar com uma den\u00fancia junto ao MP Minist\u00e9rio P\u00fablico?<\/p>\n<p>&#8212;<br \/>\nEsta mensagem foi enviada atrav\u00e9s do formul\u00e1rio de contato do site R2CPRESS | A Letra Fria da Verdade http:\/\/www.r2cpress.com.br\/v1<\/marcelodimas><\/p>\n","protected":false},"excerpt":{"rendered":"<p>De: Marcelo Dimas Assunto: PROFESSORES CONTRATADOS SEM SAL\u00c1RIO MES DE DEZEMBRO\/2010. Corpo da mensagem: Boa tarde! Sr. Rabat, a falta de consci\u00eancia, o desrespeito, do Prefeito de Ilh\u00e9us e da secret\u00e1ria de educa\u00e7\u00e3o desse munic\u00edpio, est\u00e1 chegando ao extremo. Hoje \u00e9 26\/01\/2011, e nem todos os professores contratados do ano de 2010, receberam sal\u00e1rios de [&hellip;]<\/p>\n","protected":false},"author":2,"featured_media":0,"comment_status":"open","ping_status":"open","sticky":false,"template":"","format":"standard","meta":{"_links_to":"","_links_to_target":""},"categories":[10],"tags":[],"_links":{"self":[{"href":"https:\/\/www.r2cpress.com.br\/v1\/wp-json\/wp\/v2\/posts\/7499"}],"collection":[{"href":"https:\/\/www.r2cpress.com.br\/v1\/wp-json\/wp\/v2\/posts"}],"about":[{"href":"https:\/\/www.r2cpress.com.br\/v1\/wp-json\/wp\/v2\/types\/post"}],"author":[{"embeddable":true,"href":"https:\/\/www.r2cpress.com.br\/v1\/wp-json\/wp\/v2\/users\/2"}],"replies":[{"embeddable":true,"href":"https:\/\/www.r2cpress.com.br\/v1\/wp-json\/wp\/v2\/comments?post=7499"}],"version-history":[{"count":2,"href":"https:\/\/www.r2cpress.com.br\/v1\/wp-json\/wp\/v2\/posts\/7499\/revisions"}],"predecessor-version":[{"id":7501,"href":"https:\/\/www.r2cpress.com.br\/v1\/wp-json\/wp\/v2\/posts\/7499\/revisions\/7501"}],"wp:attachment":[{"href":"https:\/\/www.r2cpress.com.br\/v1\/wp-json\/wp\/v2\/media?parent=7499"}],"wp:term":[{"taxonomy":"category","embeddable":true,"href":"https:\/\/www.r2cpress.com.br\/v1\/wp-json\/wp\/v2\/categories?post=7499"},{"taxonomy":"post_tag","embeddable":true,"href":"https:\/\/www.r2cpress.com.br\/v1\/wp-json\/wp\/v2\/tags?post=7499"}],"curies":[{"name":"wp","href":"https:\/\/api.w.org\/{rel}","templated":true}]}}