{"id":7502,"date":"2011-01-26T16:42:27","date_gmt":"2011-01-26T19:42:27","guid":{"rendered":"http:\/\/www.r2cpress.com.br\/v1\/?p=7502"},"modified":"2011-01-26T16:42:27","modified_gmt":"2011-01-26T19:42:27","slug":"coeso-apresenta-ao-governo-o-plano-de-combate-a-dengue-em-ilheus","status":"publish","type":"post","link":"https:\/\/www.r2cpress.com.br\/v1\/2011\/01\/26\/coeso-apresenta-ao-governo-o-plano-de-combate-a-dengue-em-ilheus\/","title":{"rendered":"COESO apresenta ao governo o plano de combate \u00e0 dengue em Ilh\u00e9us"},"content":{"rendered":"<p>O prefeito de Ilh\u00e9us, Newton Lima, acompanhado pelo vice M\u00e1rio Alexandre e membros do secretariado do governo, recebeu na tarde desta ter\u00e7a-feira, 25, um plano voltado ao combate \u00e0 dengue no munic\u00edpio. A iniciativa de formular a estrat\u00e9gia foi do Comit\u00ea de Entidades Sociais em Defesa dos Interesses de Ilh\u00e9us e Regi\u00e3o (Coeso), que apresentou as propostas ao gestor.<\/p>\n<p>A ideia do COESO \u00e9 envolver diversas \u00e1reas do pr\u00f3prio governo \u2013 como as secretarias de Sa\u00fade, Infraestrutura e Servi\u00e7os P\u00fablicos \u2013 e representantes da sociedade civil organizada \u2013 em uma s\u00e9rie de mutir\u00f5es com o objetivo de eliminar focos de dengue no munic\u00edpio. \u00d3rg\u00e3os e empresas estaduais, como a Dires e a Embasa, tamb\u00e9m ser\u00e3o chamadas a participar.<\/p>\n<p><!--more--><\/p>\n<p>Newton Lima aprovou a iniciativa do COESO e elogiou a preocupa\u00e7\u00e3o do grupo com a quest\u00e3o da dengue, sobretudo porque Ilh\u00e9us \u00e9 uma das 24 cidades brasileiras listadas pelo Minist\u00e9rio da Sa\u00fade como de alto risco de enfrentar uma epidemia da doen\u00e7a. \u201cO COESO est\u00e1 de parab\u00e9ns por manifestar interesse por esse problema que merece toda a nossa aten\u00e7\u00e3o e cuidado\u201d, afirmou o prefeito.<\/p>\n<p>De acordo com o coordenador do COESO, Aldicemiro Duarte, a inten\u00e7\u00e3o \u00e9 \u201cpromover a\u00e7\u00f5es conjuntas nas comunidades, priorizando aquelas com maior \u00edndice de infesta\u00e7\u00e3o\u201d. Os mutir\u00f5es ocorrer\u00e3o nos finais de semana, com um cronograma ainda a ser anunciado.<\/p>\n<p>O COESO tamb\u00e9m manifestou ao prefeito apreens\u00e3o com a situa\u00e7\u00e3o de \u00e1reas de risco existentes em morros e encostas da cidade. Logo ap\u00f3s a reuni\u00e3o, integrantes do comit\u00ea, acompanhados por representantes do governo e pela vereadora Carmelita \u00c2ngela (PT), seguiram para a Avenida Princesa Isabel, onde inspecionaram trechos que apresentam perigo de deslizamento e escadarias que est\u00e3o prestes a ruir. A visita, conclu\u00edda no Alto da Cascalheira, contou com a participa\u00e7\u00e3o do secret\u00e1rio municipal da Infraestrutura, Marcone Queiroz. <\/p>\n","protected":false},"excerpt":{"rendered":"<p>O prefeito de Ilh\u00e9us, Newton Lima, acompanhado pelo vice M\u00e1rio Alexandre e membros do secretariado do governo, recebeu na tarde desta ter\u00e7a-feira, 25, um plano voltado ao combate \u00e0 dengue no munic\u00edpio. A iniciativa de formular a estrat\u00e9gia foi do Comit\u00ea de Entidades Sociais em Defesa dos Interesses de Ilh\u00e9us e Regi\u00e3o (Coeso), que apresentou [&hellip;]<\/p>\n","protected":false},"author":2,"featured_media":0,"comment_status":"open","ping_status":"open","sticky":false,"template":"","format":"standard","meta":{"_links_to":"","_links_to_target":""},"categories":[24],"tags":[],"_links":{"self":[{"href":"https:\/\/www.r2cpress.com.br\/v1\/wp-json\/wp\/v2\/posts\/7502"}],"collection":[{"href":"https:\/\/www.r2cpress.com.br\/v1\/wp-json\/wp\/v2\/posts"}],"about":[{"href":"https:\/\/www.r2cpress.com.br\/v1\/wp-json\/wp\/v2\/types\/post"}],"author":[{"embeddable":true,"href":"https:\/\/www.r2cpress.com.br\/v1\/wp-json\/wp\/v2\/users\/2"}],"replies":[{"embeddable":true,"href":"https:\/\/www.r2cpress.com.br\/v1\/wp-json\/wp\/v2\/comments?post=7502"}],"version-history":[{"count":2,"href":"https:\/\/www.r2cpress.com.br\/v1\/wp-json\/wp\/v2\/posts\/7502\/revisions"}],"predecessor-version":[{"id":7504,"href":"https:\/\/www.r2cpress.com.br\/v1\/wp-json\/wp\/v2\/posts\/7502\/revisions\/7504"}],"wp:attachment":[{"href":"https:\/\/www.r2cpress.com.br\/v1\/wp-json\/wp\/v2\/media?parent=7502"}],"wp:term":[{"taxonomy":"category","embeddable":true,"href":"https:\/\/www.r2cpress.com.br\/v1\/wp-json\/wp\/v2\/categories?post=7502"},{"taxonomy":"post_tag","embeddable":true,"href":"https:\/\/www.r2cpress.com.br\/v1\/wp-json\/wp\/v2\/tags?post=7502"}],"curies":[{"name":"wp","href":"https:\/\/api.w.org\/{rel}","templated":true}]}}