{"id":75039,"date":"2013-11-11T12:15:07","date_gmt":"2013-11-11T15:15:07","guid":{"rendered":"http:\/\/www.r2cpress.com.br\/v1\/?p=75039"},"modified":"2013-11-11T12:15:07","modified_gmt":"2013-11-11T15:15:07","slug":"sebrae-de-ilheus-apresenta-pre-projeto-da-feira-criativa-do-pontal","status":"publish","type":"post","link":"https:\/\/www.r2cpress.com.br\/v1\/2013\/11\/11\/sebrae-de-ilheus-apresenta-pre-projeto-da-feira-criativa-do-pontal\/","title":{"rendered":"Sebrae de Ilh\u00e9us apresenta pr\u00e9-projeto da Feira Criativa do Pontal"},"content":{"rendered":"<p><em>A Pra\u00e7a S\u00e3o Jo\u00e3o Batista, no Bairro do Pontal, al\u00e9m de ganhar uma Feira Criativa, tem a sua reforma assegurada pelo grupo Cidadelle, que participa do programa \u2018Adote uma Pra\u00e7a\u2019 da Prefeitura Municipal.<\/em><\/p>\n<p><div id=\"attachment_75040\" style=\"width: 610px\" class=\"wp-caption aligncenter\"><a href=\"http:\/\/www.r2cpress.com.br\/v1\/wp-content\/uploads\/Pra\u00e7a-S\u00e3o-Jo\u00e3o-Batista-Foto-Gidelzo-Silva-Secom-Ilh\u00e9us-111.jpg\"><img aria-describedby=\"caption-attachment-75040\" loading=\"lazy\" src=\"http:\/\/www.r2cpress.com.br\/v1\/wp-content\/uploads\/Pra\u00e7a-S\u00e3o-Jo\u00e3o-Batista-Foto-Gidelzo-Silva-Secom-Ilh\u00e9us-111.jpg\" alt=\"Pra\u00e7a S\u00e3o Jo\u00e3o Batista - Foto Gidelzo Silva (Secom Ilh\u00e9us).\" width=\"600\" height=\"285\" class=\"size-full wp-image-75040\" srcset=\"https:\/\/www.r2cpress.com.br\/v1\/wp-content\/uploads\/Pra\u00e7a-S\u00e3o-Jo\u00e3o-Batista-Foto-Gidelzo-Silva-Secom-Ilh\u00e9us-111.jpg 600w, https:\/\/www.r2cpress.com.br\/v1\/wp-content\/uploads\/Pra\u00e7a-S\u00e3o-Jo\u00e3o-Batista-Foto-Gidelzo-Silva-Secom-Ilh\u00e9us-111-300x142.jpg 300w\" sizes=\"(max-width: 600px) 100vw, 600px\" \/><\/a><p id=\"caption-attachment-75040\" class=\"wp-caption-text\">Pra\u00e7a S\u00e3o Jo\u00e3o Batista &#8211; Foto Gidelzo Silva (Secom Ilh\u00e9us).<\/p><\/div><br \/>\nMoradores do Bairro do Pontal v\u00e3o conhecer na pr\u00f3xima ter\u00e7a-feira, dia 12, o pr\u00e9-projeto da Feira Criativa, elaborado pelo Servi\u00e7o Brasileiro de Apoio \u00e0s Micro e Pequenas Empresas (Sebrae). A proposta ser\u00e1 apresentada pela coordenadora regional, Claudiana Figueiredo, em reuni\u00e3o no audit\u00f3rio do Col\u00e9gio Militar do Bairro do Pontal, ex-Cierg, \u00e0s  19h30.  A iniciativa vai ao encontro dos anseios da comunidade em geral, bem como de artistas pl\u00e1sticos, artes\u00e3os, m\u00fasicos, chefes de cozinha e faz parte da articula\u00e7\u00e3o entre o Sebrae, popula\u00e7\u00e3o e a Prefeitura de Ilh\u00e9us.<\/p>\n<p><!--more--><\/p>\n<p>De acordo com o projeto, a feira vai ocorrer na Pra\u00e7a S\u00e3o Jo\u00e3o Batista, aos domingos, e a data para in\u00edcio das atividades ser\u00e1 definida em conjunto com a comunidade. O objetivo \u00e9 possibilitar a comercializa\u00e7\u00e3o de produtos como artesanatos, quadros de pintura e esculturas, gerando renda para os moradores, al\u00e9m de ampliar as possibilidades de tornar o local mais agrad\u00e1vel para a conviv\u00eancia comunit\u00e1ria.<\/p>\n<p>Interessados em participar da feira j\u00e1 podem efetuar seus cadastros na sede do Sebrae (Avenida Dois de Julho), no hor\u00e1rio comercial, das 9 \u00e0s 12 horas e das 14 \u00e0s 18 horas, com Claudiana Figueiredo. Para a inscri\u00e7\u00e3o, \u00e9 preciso apresentar os documentos pessoais e a habilita\u00e7\u00e3o para a \u00e1rea em que pretende atuar. \u201cCom a implanta\u00e7\u00e3o do projeto, o Pontal tende a se tornar um centro de refer\u00eancia gastron\u00f4mica, cultural e art\u00edstica, pelo potencial que apresenta atualmente\u201d, afirma a coordenadora regional do Sebrae.<\/p>\n<p>Reuni\u00f5es \u2013 O projeto da Feira Criativa \u00e9 resultado de reuni\u00f5es realizadas no m\u00eas de outubro com a participa\u00e7\u00e3o dos moradores, do Sebrae e do poder p\u00fablico municipal. Nesses encontros, foram discutidos o projeto de recupera\u00e7\u00e3o da Pra\u00e7a S\u00e3o Jo\u00e3o Batista, elaborado pela arquiteta Simone Flores, contando com as presen\u00e7as do prefeito Jabes Ribeiro e do engenheiro Ednar Albuquerque, representante do Cidadelle, e o Projeto Pontal Bairro Criativo.<\/p>\n<p> Al\u00e9m da implanta\u00e7\u00e3o da Feira Criativa, a Pra\u00e7a S\u00e3o Jo\u00e3o Batista tamb\u00e9m passar\u00e1 por reformas para melhor atender a sua grande demanda, cabendo ao grupo Cidadelle promover essas mudan\u00e7as, uma vez que aderiu ao programa \u2018Adote uma Pra\u00e7a\u2019, institu\u00eddo pelo prefeito Jabes Ribeiro. <\/p>\n<p>&#8212;<br \/>\nSecretaria de Comunica\u00e7\u00e3o Social<br \/>\nRua Santos Dumont (Anexo das Secretarias), 4\u00ba andar, Centro<\/p>\n","protected":false},"excerpt":{"rendered":"<p>A Pra\u00e7a S\u00e3o Jo\u00e3o Batista, no Bairro do Pontal, al\u00e9m de ganhar uma Feira Criativa, tem a sua reforma assegurada pelo grupo Cidadelle, que participa do programa \u2018Adote uma Pra\u00e7a\u2019 da Prefeitura Municipal. Moradores do Bairro do Pontal v\u00e3o conhecer na pr\u00f3xima ter\u00e7a-feira, dia 12, o pr\u00e9-projeto da Feira Criativa, elaborado pelo Servi\u00e7o Brasileiro de [&hellip;]<\/p>\n","protected":false},"author":2,"featured_media":0,"comment_status":"open","ping_status":"open","sticky":false,"template":"","format":"standard","meta":{"_links_to":"","_links_to_target":""},"categories":[23],"tags":[],"_links":{"self":[{"href":"https:\/\/www.r2cpress.com.br\/v1\/wp-json\/wp\/v2\/posts\/75039"}],"collection":[{"href":"https:\/\/www.r2cpress.com.br\/v1\/wp-json\/wp\/v2\/posts"}],"about":[{"href":"https:\/\/www.r2cpress.com.br\/v1\/wp-json\/wp\/v2\/types\/post"}],"author":[{"embeddable":true,"href":"https:\/\/www.r2cpress.com.br\/v1\/wp-json\/wp\/v2\/users\/2"}],"replies":[{"embeddable":true,"href":"https:\/\/www.r2cpress.com.br\/v1\/wp-json\/wp\/v2\/comments?post=75039"}],"version-history":[{"count":2,"href":"https:\/\/www.r2cpress.com.br\/v1\/wp-json\/wp\/v2\/posts\/75039\/revisions"}],"predecessor-version":[{"id":75042,"href":"https:\/\/www.r2cpress.com.br\/v1\/wp-json\/wp\/v2\/posts\/75039\/revisions\/75042"}],"wp:attachment":[{"href":"https:\/\/www.r2cpress.com.br\/v1\/wp-json\/wp\/v2\/media?parent=75039"}],"wp:term":[{"taxonomy":"category","embeddable":true,"href":"https:\/\/www.r2cpress.com.br\/v1\/wp-json\/wp\/v2\/categories?post=75039"},{"taxonomy":"post_tag","embeddable":true,"href":"https:\/\/www.r2cpress.com.br\/v1\/wp-json\/wp\/v2\/tags?post=75039"}],"curies":[{"name":"wp","href":"https:\/\/api.w.org\/{rel}","templated":true}]}}