{"id":75047,"date":"2013-11-11T14:16:43","date_gmt":"2013-11-11T17:16:43","guid":{"rendered":"http:\/\/www.r2cpress.com.br\/v1\/?p=75047"},"modified":"2013-11-11T14:16:43","modified_gmt":"2013-11-11T17:16:43","slug":"prefeitura-promove-dia-d-contra-diabetes-e-cancer-de-prostata-em-ilheus","status":"publish","type":"post","link":"https:\/\/www.r2cpress.com.br\/v1\/2013\/11\/11\/prefeitura-promove-dia-d-contra-diabetes-e-cancer-de-prostata-em-ilheus\/","title":{"rendered":"Prefeitura promove Dia D contra diabetes e c\u00e2ncer de pr\u00f3stata em Ilh\u00e9us"},"content":{"rendered":"<p><em>O mutir\u00e3o de servi\u00e7os em sa\u00fade acontece na pr\u00f3xima quinta-feira, dia 14, na Pra\u00e7a Dom Eduardo. Haver\u00e1 consultas m\u00e9dicas, exames e outros servi\u00e7os gratuitos para a comunidade.<\/em><\/p>\n<p>A Prefeitura de Ilh\u00e9us, atrav\u00e9s da Secretaria Municipal de Sa\u00fade (Sesau) promove um mutir\u00e3o da Campanha Novembro Azul, no pr\u00f3ximo dia 14, quinta-feira, data em que transcorre o Dia Mundial do Diabetes, com a oferta de v\u00e1rios servi\u00e7os na Pra\u00e7a Dom Eduardo (em frente \u00e0 Catedral de S\u00e3o Sebasti\u00e3o), no centro hist\u00f3rico da cidade, das 8 \u00e0s 17 horas. Na oportunidade, tamb\u00e9m ser\u00e3o realizadas atividades de combate ao c\u00e2ncer de pr\u00f3stata para homens a partir dos 40 anos.<\/p>\n<p>No pr\u00f3ximo dia 14, na pra\u00e7a p\u00fablica, a comunidade contar\u00e1 com os servi\u00e7os de aferi\u00e7\u00e3o de press\u00e3o arterial, teste de glicemia, consulta com m\u00e9dico cl\u00ednico, consulta com especialista em urologista, consultas e exames oftalmol\u00f3gicos, vacinas, programa de sa\u00fade bucal, avalia\u00e7\u00e3o do p\u00e9 diab\u00e9tico, entre outros.<\/p>\n<p>A Sesau j\u00e1 disponibiliza um m\u00e9dico proctologista que come\u00e7ou a realizar consultas neste dia 11, e atender\u00e1 \u00e0 comunidade todas as segundas-feiras, pela manh\u00e3, na Policl\u00ednica Municipal da Conquista. Proctologia \u00e9 a especialidade m\u00e9dica que cuida dos problemas de sa\u00fade relacionados ao intestino grosso (c\u00f3lons), reto e \u00e2nus. As doen\u00e7as mais comuns desta \u00e1rea s\u00e3o hemorroidas, fissuras e f\u00edstulas anais, cisto pilonidal, dist\u00farbios da defeca\u00e7\u00e3o, doen\u00e7a de Crohn e retocolite, p\u00f3lipos e c\u00e2ncer do intestino.<\/p>\n<p><!--more--><\/p>\n<p>Segundo a superintendente t\u00e9cnica da Secretaria, Cristiane Bittencourt, no m\u00eas passado, a campanha do Outubro Rosa concentrou uma s\u00e9rie de a\u00e7\u00f5es voltadas para o p\u00fablico feminino no combate ao c\u00e2ncer de mama. \u201cAgora, em novembro, as atividades s\u00e3o intensificadas visando o controle do diabetes aliadas a a\u00e7\u00f5es diretamente vinculadas ao p\u00fablico masculino para a preven\u00e7\u00e3o do c\u00e2ncer de pr\u00f3stata\u201d, disse ela.<\/p>\n<p>Diabetes \u2013 Essa doen\u00e7a \u00e9 caracterizada por uma disfun\u00e7\u00e3o do metabolismo, ou seja, do jeito com que o organismo usa a digest\u00e3o dos alimentos para crescer e produzir energia. Os sintomas mais freq\u00fcentes s\u00e3o o cansa\u00e7o extremo, n\u00e1usea, aumento da quantidade de urina, sede al\u00e9m do normal, perda de peso, vis\u00e3o emba\u00e7ada e infec\u00e7\u00f5es freq\u00fcentes. H\u00e1 outros sintomas menos freq\u00fcentes e mais graves, como a dificuldade de curar cortes e machucados, coceira na pele (geralmente na \u00e1rea vaginal ou da virilha), perda da vis\u00e3o e impot\u00eancia. <\/p>\n<p>C\u00e2ncer de pr\u00f3stata &#8211; Pr\u00f3stata \u00e9 uma gl\u00e2ndula do sistema reprodutor masculino, que produz e armazena parte do fluido seminal. C\u00e2ncer de pr\u00f3stata \u00e9 o tumor mais comum em homens acima de 50 anos. Os fatores de risco incluem idade avan\u00e7ada (acima de 50 anos), hist\u00f3rico familiar da doen\u00e7a, fatores hormonais e ambientais e certos h\u00e1bitos alimentares (dieta rica em gorduras e pobre em verduras, vegetais e frutas), sedentarismo e excesso de peso.<\/p>\n<p>Os negros constituem um grupo de maior risco para desenvolver a doen\u00e7a. A maioria dos c\u00e2nceres de pr\u00f3stata cresce lentamente e n\u00e3o causa sintomas. Tumores em est\u00e1gio mais avan\u00e7ado podem ocasionar dificuldade para urinar, sensa\u00e7\u00e3o de n\u00e3o conseguir esvaziar completamente a bexiga e hemat\u00faria (presen\u00e7a de sangue na urina).<\/p>\n<p>&#8212;<br \/>\nSecretaria de Comunica\u00e7\u00e3o Social<br \/>\nRua Santos Dumont (Anexo das Secretarias), 4\u00ba andar, Centro<\/p>\n","protected":false},"excerpt":{"rendered":"<p>O mutir\u00e3o de servi\u00e7os em sa\u00fade acontece na pr\u00f3xima quinta-feira, dia 14, na Pra\u00e7a Dom Eduardo. Haver\u00e1 consultas m\u00e9dicas, exames e outros servi\u00e7os gratuitos para a comunidade. A Prefeitura de Ilh\u00e9us, atrav\u00e9s da Secretaria Municipal de Sa\u00fade (Sesau) promove um mutir\u00e3o da Campanha Novembro Azul, no pr\u00f3ximo dia 14, quinta-feira, data em que transcorre o [&hellip;]<\/p>\n","protected":false},"author":2,"featured_media":0,"comment_status":"open","ping_status":"open","sticky":false,"template":"","format":"standard","meta":{"_links_to":"","_links_to_target":""},"categories":[23],"tags":[],"_links":{"self":[{"href":"https:\/\/www.r2cpress.com.br\/v1\/wp-json\/wp\/v2\/posts\/75047"}],"collection":[{"href":"https:\/\/www.r2cpress.com.br\/v1\/wp-json\/wp\/v2\/posts"}],"about":[{"href":"https:\/\/www.r2cpress.com.br\/v1\/wp-json\/wp\/v2\/types\/post"}],"author":[{"embeddable":true,"href":"https:\/\/www.r2cpress.com.br\/v1\/wp-json\/wp\/v2\/users\/2"}],"replies":[{"embeddable":true,"href":"https:\/\/www.r2cpress.com.br\/v1\/wp-json\/wp\/v2\/comments?post=75047"}],"version-history":[{"count":2,"href":"https:\/\/www.r2cpress.com.br\/v1\/wp-json\/wp\/v2\/posts\/75047\/revisions"}],"predecessor-version":[{"id":75049,"href":"https:\/\/www.r2cpress.com.br\/v1\/wp-json\/wp\/v2\/posts\/75047\/revisions\/75049"}],"wp:attachment":[{"href":"https:\/\/www.r2cpress.com.br\/v1\/wp-json\/wp\/v2\/media?parent=75047"}],"wp:term":[{"taxonomy":"category","embeddable":true,"href":"https:\/\/www.r2cpress.com.br\/v1\/wp-json\/wp\/v2\/categories?post=75047"},{"taxonomy":"post_tag","embeddable":true,"href":"https:\/\/www.r2cpress.com.br\/v1\/wp-json\/wp\/v2\/tags?post=75047"}],"curies":[{"name":"wp","href":"https:\/\/api.w.org\/{rel}","templated":true}]}}