{"id":75072,"date":"2013-11-11T21:34:43","date_gmt":"2013-11-12T00:34:43","guid":{"rendered":"http:\/\/www.r2cpress.com.br\/v1\/?p=75072"},"modified":"2013-11-11T21:34:43","modified_gmt":"2013-11-12T00:34:43","slug":"malhado-abandonado","status":"publish","type":"post","link":"https:\/\/www.r2cpress.com.br\/v1\/2013\/11\/11\/malhado-abandonado\/","title":{"rendered":"Malhado abandonado"},"content":{"rendered":"<p>Amigo Rabat,<\/p>\n<div>Na zona sul temos a\u00a0Z\u00e2mbia e na zona norte temos a Nam\u00edbia; anexa algumas fotos do bairro do malhado(Av.litor\u00e2nea Norte)que gostaria que voc\u00ea postasse\u00a0\u00a0para demonstrar\u00a0o total abandono por parte da prefeitura, e\u00a0 que a mesma diz que est\u00e1 fazendo servi\u00e7os de manuten\u00e7\u00e3o, limpeza etc&#8230;(opera\u00e7\u00e3o ver\u00e3o limpo) Para piorar Rabat, ainda est\u00e3o fazendo do nosso bairro, dep\u00f3sito de ferro velho e a prefeitura n\u00e3o toma nenhuma atitude para retirar essas sucatas.<\/div>\n<div><a href=\"http:\/\/www.r2cpress.com.br\/v1\/wp-content\/uploads\/CAPA-R2CPRESS212.jpg\"><img loading=\"lazy\" class=\"aligncenter size-full wp-image-75073\" alt=\"CAPA  R2CPRESS\" src=\"http:\/\/www.r2cpress.com.br\/v1\/wp-content\/uploads\/CAPA-R2CPRESS212.jpg\" width=\"598\" height=\"598\" srcset=\"https:\/\/www.r2cpress.com.br\/v1\/wp-content\/uploads\/CAPA-R2CPRESS212.jpg 598w, https:\/\/www.r2cpress.com.br\/v1\/wp-content\/uploads\/CAPA-R2CPRESS212-150x150.jpg 150w, https:\/\/www.r2cpress.com.br\/v1\/wp-content\/uploads\/CAPA-R2CPRESS212-300x300.jpg 300w\" sizes=\"(max-width: 598px) 100vw, 598px\" \/><\/a><\/div>\n<div>Outro grave problema \u00e9 falta de ilumina\u00e7\u00e3o publica\u00a0em toda extens\u00e3o da orla e no canteiro central e a empresa que ganhou a licita\u00e7\u00e3o para fazer a manuten\u00e7\u00e3o\u00a0, substitui\u00e7\u00e3o das l\u00e2mpadas, fotoc\u00e9lulas e bra\u00e7os\u00a0j\u00e1 deu como conclu\u00eddo o servi\u00e7o.<\/div>\n<div>Os moradores gostariam que o Sec. de Servi\u00e7os Urbanos tomasse alguma atitude para\u00a0solucionar\u00a0tais absurdos mencionados.<\/div>\n<div><\/div>\n<div><\/div>\n<div>Forte abra\u00e7o\u00a0 Rabat.<\/div>\n<div><\/div>\n<div>&#8212;&#8212;&#8212;&#8212;&#8212;&#8212;&#8212;&#8212;&#8212;&#8212;<\/div>\n<div><span style=\"color: #ff0000;\"><strong>Preservado conforme solicitado.<\/strong><\/span><\/div>\n","protected":false},"excerpt":{"rendered":"<p>Amigo Rabat, Na zona sul temos a\u00a0Z\u00e2mbia e na zona norte temos a Nam\u00edbia; anexa algumas fotos do bairro do malhado(Av.litor\u00e2nea Norte)que gostaria que voc\u00ea postasse\u00a0\u00a0para demonstrar\u00a0o total abandono por parte da prefeitura, e\u00a0 que a mesma diz que est\u00e1 fazendo servi\u00e7os de manuten\u00e7\u00e3o, limpeza etc&#8230;(opera\u00e7\u00e3o ver\u00e3o limpo) Para piorar Rabat, ainda est\u00e3o fazendo do [&hellip;]<\/p>\n","protected":false},"author":2,"featured_media":0,"comment_status":"open","ping_status":"open","sticky":false,"template":"","format":"standard","meta":{"_links_to":"","_links_to_target":""},"categories":[10],"tags":[],"_links":{"self":[{"href":"https:\/\/www.r2cpress.com.br\/v1\/wp-json\/wp\/v2\/posts\/75072"}],"collection":[{"href":"https:\/\/www.r2cpress.com.br\/v1\/wp-json\/wp\/v2\/posts"}],"about":[{"href":"https:\/\/www.r2cpress.com.br\/v1\/wp-json\/wp\/v2\/types\/post"}],"author":[{"embeddable":true,"href":"https:\/\/www.r2cpress.com.br\/v1\/wp-json\/wp\/v2\/users\/2"}],"replies":[{"embeddable":true,"href":"https:\/\/www.r2cpress.com.br\/v1\/wp-json\/wp\/v2\/comments?post=75072"}],"version-history":[{"count":1,"href":"https:\/\/www.r2cpress.com.br\/v1\/wp-json\/wp\/v2\/posts\/75072\/revisions"}],"predecessor-version":[{"id":75074,"href":"https:\/\/www.r2cpress.com.br\/v1\/wp-json\/wp\/v2\/posts\/75072\/revisions\/75074"}],"wp:attachment":[{"href":"https:\/\/www.r2cpress.com.br\/v1\/wp-json\/wp\/v2\/media?parent=75072"}],"wp:term":[{"taxonomy":"category","embeddable":true,"href":"https:\/\/www.r2cpress.com.br\/v1\/wp-json\/wp\/v2\/categories?post=75072"},{"taxonomy":"post_tag","embeddable":true,"href":"https:\/\/www.r2cpress.com.br\/v1\/wp-json\/wp\/v2\/tags?post=75072"}],"curies":[{"name":"wp","href":"https:\/\/api.w.org\/{rel}","templated":true}]}}