{"id":7521,"date":"2011-01-26T21:48:31","date_gmt":"2011-01-27T00:48:31","guid":{"rendered":"http:\/\/www.r2cpress.com.br\/v1\/?p=7521"},"modified":"2011-01-26T21:48:31","modified_gmt":"2011-01-27T00:48:31","slug":"a-tequinologia-do-abraco-por-um-matuto-mineiro","status":"publish","type":"post","link":"https:\/\/www.r2cpress.com.br\/v1\/2011\/01\/26\/a-tequinologia-do-abraco-por-um-matuto-mineiro\/","title":{"rendered":"A &#8220;tequinologia&#8221; do abra\u00e7o por um matuto mineiro"},"content":{"rendered":"\n<p>O matuto falava t\u00e3o calmamente, que parecia medir, analisar e meditar sobre cada palavra que dizia&#8230;<br \/>\n&#8211; \u00c9&#8230; das inven\u00e7\u00e3o dos homi, a que mais tem sintido \u00e9 o abra\u00e7o. O abra\u00e7o num tem jeito di um s\u00f3 aproveit\u00e1!<br \/>\nTudo quanto \u00e9 gente, no abra\u00e7o, participa uma beradinha&#8230;.<br \/>\nQuandu oc\u00ea t\u00e1 danado de sodade, o abra\u00e7o de argu\u00e9m ti alivia.. .<br \/>\nQuandu oc\u00ea t\u00e1 cum muita reiva, vem um, te abra\u00e7a e oc\u00ea fica at\u00e9 sem gra\u00e7a de continu\u00e1 cum reiva&#8230;<br \/>\n Si oc\u00ea t\u00e1 feliz e abra\u00e7a argu\u00e9m, esse argu\u00e9m<br \/>\npega um poquim da sua alegria&#8230;<br \/>\nSi argu\u00e9m t\u00e1 duente, quandu oc\u00ea abra\u00e7a ele, ele come\u00e7a a mior\u00e1, i oc\u00ea miora junto tam\u00e9m&#8230;<br \/>\nSi argu\u00e9m perde outro argu\u00e9m querido, n\u00e3o h\u00e1 palavras, mas um abra\u00e7u silencioso diz tudu&#8230;<br \/>\nMuita gente importante e letrado j\u00e1 tent\u00f4 d\u00e1 um jeito de sab\u00ea purqu\u00ea qui \u00e9, qui o abra\u00e7o tem tanta tequilonogia,<br \/>\nmas ningu\u00e9m inda discubriu&#8230;<br \/>\nMas, i\u00eau sei! Foi um ispirto b\u00e3o de Deus qui mi cont\u00f4&#8230;..<br \/>\nI\u00eau v\u00f4 cont\u00e1 proc\u00eais u qui foi quel mi fal\u00f4: O abra\u00e7o \u00e9 b\u00e3o pur causa do Cora\u00e7\u00e3o&#8230;<br \/>\nQuandu oc\u00ea abra\u00e7a argu\u00e9m, fais massarge no cora\u00e7\u00e3o!&#8230;<br \/>\nI o cora\u00e7\u00e3o do \u00f4tro \u00e9 massargiado tam\u00e9m! Mas num \u00e9 s\u00f3 isso, n\u00e3o&#8230;<br \/>\nAqui t\u00e1 a chave do mai\u00f3 segredo de tudo:<br \/>\n\u00c9 qui, quandu nois abra\u00e7a argu\u00e9m, n\u00f3is fica cum dois cora\u00e7\u00e3o no peito!&#8230;<br \/>\nINTONCE&#8230;<br \/>\nUM ABRA\u00c7U PR\u00d4 C\u00ca!!!! <\/p>\n<p>&#8212;<br \/>\nEnviado por Marcus Dias.<\/p>\n","protected":false},"excerpt":{"rendered":"<p>O matuto falava t\u00e3o calmamente, que parecia medir, analisar e meditar sobre cada palavra que dizia&#8230; &#8211; \u00c9&#8230; das inven\u00e7\u00e3o dos homi, a que mais tem sintido \u00e9 o abra\u00e7o. O abra\u00e7o num tem jeito di um s\u00f3 aproveit\u00e1! Tudo quanto \u00e9 gente, no abra\u00e7o, participa uma beradinha&#8230;. Quandu oc\u00ea t\u00e1 danado de sodade, o [&hellip;]<\/p>\n","protected":false},"author":2,"featured_media":0,"comment_status":"open","ping_status":"open","sticky":false,"template":"","format":"standard","meta":{"_links_to":"","_links_to_target":""},"categories":[10],"tags":[],"_links":{"self":[{"href":"https:\/\/www.r2cpress.com.br\/v1\/wp-json\/wp\/v2\/posts\/7521"}],"collection":[{"href":"https:\/\/www.r2cpress.com.br\/v1\/wp-json\/wp\/v2\/posts"}],"about":[{"href":"https:\/\/www.r2cpress.com.br\/v1\/wp-json\/wp\/v2\/types\/post"}],"author":[{"embeddable":true,"href":"https:\/\/www.r2cpress.com.br\/v1\/wp-json\/wp\/v2\/users\/2"}],"replies":[{"embeddable":true,"href":"https:\/\/www.r2cpress.com.br\/v1\/wp-json\/wp\/v2\/comments?post=7521"}],"version-history":[{"count":2,"href":"https:\/\/www.r2cpress.com.br\/v1\/wp-json\/wp\/v2\/posts\/7521\/revisions"}],"predecessor-version":[{"id":7523,"href":"https:\/\/www.r2cpress.com.br\/v1\/wp-json\/wp\/v2\/posts\/7521\/revisions\/7523"}],"wp:attachment":[{"href":"https:\/\/www.r2cpress.com.br\/v1\/wp-json\/wp\/v2\/media?parent=7521"}],"wp:term":[{"taxonomy":"category","embeddable":true,"href":"https:\/\/www.r2cpress.com.br\/v1\/wp-json\/wp\/v2\/categories?post=7521"},{"taxonomy":"post_tag","embeddable":true,"href":"https:\/\/www.r2cpress.com.br\/v1\/wp-json\/wp\/v2\/tags?post=7521"}],"curies":[{"name":"wp","href":"https:\/\/api.w.org\/{rel}","templated":true}]}}