{"id":75233,"date":"2013-11-14T17:03:42","date_gmt":"2013-11-14T20:03:42","guid":{"rendered":"http:\/\/www.r2cpress.com.br\/v1\/?p=75233"},"modified":"2013-11-14T17:04:11","modified_gmt":"2013-11-14T20:04:11","slug":"prefeitura-de-canavieiras-32","status":"publish","type":"post","link":"https:\/\/www.r2cpress.com.br\/v1\/2013\/11\/14\/prefeitura-de-canavieiras-32\/","title":{"rendered":"Prefeitura de Canavieiras"},"content":{"rendered":"<p align=\"center\"><b>Criadores de camar\u00e3o reafirmam inten\u00e7\u00e3o\u00a0<\/b><b>de continuar investindo em Canavieiras<\/b><\/p>\n<div id=\"attachment_75234\" style=\"width: 610px\" class=\"wp-caption aligncenter\"><a href=\"http:\/\/www.r2cpress.com.br\/v1\/wp-content\/uploads\/Reuni\u00e3o-com-participantes-da-Associa\u00e7\u00e3o-dos-Criadores-de-Camar\u00e3o-de-Canavieiras-ACCC-Foto-Mateus-Pereira-GOV-BA-3.jpg\"><img aria-describedby=\"caption-attachment-75234\" loading=\"lazy\" class=\"size-full wp-image-75234\" alt=\"Reuni\u00e3o com participantes da Associa\u00e7\u00e3o dos Criadores de Camar\u00e3o de Canavieiras-ACCC - Foto Mateus Pereira GOV BA (3)\" src=\"http:\/\/www.r2cpress.com.br\/v1\/wp-content\/uploads\/Reuni\u00e3o-com-participantes-da-Associa\u00e7\u00e3o-dos-Criadores-de-Camar\u00e3o-de-Canavieiras-ACCC-Foto-Mateus-Pereira-GOV-BA-3.jpg\" width=\"600\" height=\"400\" srcset=\"https:\/\/www.r2cpress.com.br\/v1\/wp-content\/uploads\/Reuni\u00e3o-com-participantes-da-Associa\u00e7\u00e3o-dos-Criadores-de-Camar\u00e3o-de-Canavieiras-ACCC-Foto-Mateus-Pereira-GOV-BA-3.jpg 600w, https:\/\/www.r2cpress.com.br\/v1\/wp-content\/uploads\/Reuni\u00e3o-com-participantes-da-Associa\u00e7\u00e3o-dos-Criadores-de-Camar\u00e3o-de-Canavieiras-ACCC-Foto-Mateus-Pereira-GOV-BA-3-300x200.jpg 300w\" sizes=\"(max-width: 600px) 100vw, 600px\" \/><\/a><p id=\"caption-attachment-75234\" class=\"wp-caption-text\">Reuni\u00e3o com participantes da Associa\u00e7\u00e3o dos Criadores de Camar\u00e3o de Canavieiras-ACCC &#8211; Foto Mateus Pereira GOV BA.<\/p><\/div>\n<p style=\"text-align: justify;\" align=\"center\"><b>\u00a0<\/b>A Associa\u00e7\u00e3o dos Criadores de Camar\u00e3o de Canavieiras reuniu associados, autoridades e convidados para reafirmar seu compromisso com a atividade desenvolvida em Canavieiras. Entre as propostas apresentadas pelo presidente da associa\u00e7\u00e3o, Vilmar Macari, est\u00e3o a amplia\u00e7\u00e3o dos empreendimentos e realiza\u00e7\u00e3o do Festival Nacional do Camar\u00e3o de Canavieiras.<\/p>\n<p style=\"text-align: justify;\">Segundo informou o presidente Vilmar Macari, a Associa\u00e7\u00e3o dos Criadores de Camar\u00e3o de Canavieiras, o munic\u00edpio possui todas as condi\u00e7\u00f5es de abrigar novos empreendimentos e existe disposi\u00e7\u00e3o dos atuais e novos empres\u00e1rios em investir. \u201cPara que esse \u00e2nimo se transforme em realidade, basta apenas que sejam concedidas as licen\u00e7as ambientais das atuais fazendas de camar\u00e3o, que se encontram vencidas desde 2007\u201d, ressaltou.<\/p>\n<p style=\"text-align: justify;\"><!--more--><\/p>\n<p style=\"text-align: justify;\">Presente ao encontro, o prefeito Almir Melo, agradeceu aos empres\u00e1rios a escolha de Canavieiras para abrigar esses investimentos. O prefeito lembrou que o Munic\u00edpio tem sido um parceiro dos empreendimentos e que essa uni\u00e3o \u00e9 importante para superar os obst\u00e1culos criados por alguns \u00f3rg\u00e3os ambientais. \u201cNossa bandeira \u00e9 a da gera\u00e7\u00e3o de emprego, da honradez e do progresso. Daremos todo o apoio ao Festival do Camar\u00e3o de Canavieiras, que \u00e9 o mais saboroso do Brasil\u201d, salientou Almir Melo.<\/p>\n<p style=\"text-align: justify;\"><b>Ciclo produtivo<\/b> &#8211; A Associa\u00e7\u00e3o dos Criadores de Camar\u00e3o de Canavieiras re\u00fane hoje 14 empreendimentos e a atividade gera cerca de 400 empregos. De acordo com os dados da Associa\u00e7\u00e3o seus filiados s\u00e3o respons\u00e1veis por um investimento de cerca de R$ 70 milh\u00f5es, sendo que cerca de 99% desse valor s\u00e3o recursos pr\u00f3prios, o que demonstra a credibilidade neste tipo de atividade.<\/p>\n<p style=\"text-align: justify;\">Segundo o presidente Vilmar Macari, os empreendedores das \u201cfazendas de camar\u00e3o\u201d t\u00eam interesse em realizar todo o processo produtivo em Canavieiras, inclusive o beneficiamento, com frigor\u00edfico para carcinicultura e piscicultura. \u201cN\u00f3s detemos tecnologia moderna, temos os recursos para investir e disposi\u00e7\u00e3o para trabalhar dentro dos princ\u00edpios de preserva\u00e7\u00e3o ao meio ambiente, mas n\u00e3o encontramos essa mesma vontade por parte do \u00f3rg\u00e3os do Estado\u201d, avalia.<\/p>\n<p style=\"text-align: justify;\"><b>Desinteresse<\/b> &#8211; Entretanto, os cerca de 480 hectares de espelho d\u2019\u00e1gua implantados para a pr\u00e1tica da carcinicultura (cria\u00e7\u00e3o de crust\u00e1ceos em cativeiro) n\u00e3o t\u00eam recebido por parte do Estado o reconhecimento da import\u00e2ncia que representa para a economia. Explica Vilmar Macari, que os empreendimentos est\u00e3o em atividade pela garantia de uma medida liminar, j\u00e1 que o \u00f3rg\u00e3o ambiental do Estado da Bahia n\u00e3o concede a licen\u00e7a ambiental.<\/p>\n<p style=\"text-align: justify;\">Vilmar Macari diz n\u00e3o entender a indiferen\u00e7a dos \u00f3rg\u00e3os estaduais em realizar o licenciamento ambiental, apesar do Governo do Estado da Bahia j\u00e1 ter sido condenado pelo Poder Judici\u00e1rio para realizar o licenciamento. \u201cVolto a dizer que n\u00e3o queremos simplesmente uma licen\u00e7a ambiental, e sim trabalharmos dentro do que estipula a legisla\u00e7\u00e3o, sem causar qualquer tipo de impacto ao meio ambiente\u201d, revela.<\/p>\n<p style=\"text-align: justify;\">Informa o prefeito Almir Melo, que h\u00e1 cerca de dois meses participou, junto com os carcinicultores, de uma reuni\u00e3o com o governador Jaques Wagner, para tratar do licenciamento ambiental. \u201cO governador nos atendeu com muita cortesia e demonstrou interesse em solucionar esse impasse, mas at\u00e9 hoje nenhuma medida foi tomada pelo Governo do Estado, atrav\u00e9s dos seus \u00f3rg\u00e3os, no sentido de corrigir essa neglig\u00eancia da m\u00e1quina estadual\u201d, advertiu o prefeito.<\/p>\n<p style=\"text-align: justify;\">Um diferencial da produ\u00e7\u00e3o das \u201cfazendas de camar\u00e3o\u201d de Canavieiras \u00e9 que elas n\u00e3o concorrem com os pescadores artesanais, haja vista que quase tudo que \u00e9 produzido tem como mercado os estados do Sul e Sudeste. \u201cNossa ideologia \u00e9 o trabalho e como Canavieiras nos acolheu bem, aqui vivemos com nossas fam\u00edlias e queremos continuar trabalhando aqui, dentro da legalidade\u201d, diz Vilmar.<\/p>\n<p style=\"text-align: justify;\"><b>Calend\u00e1rio de eventos<\/b> &#8211; Em rela\u00e7\u00e3o \u00e0 promo\u00e7\u00e3o do Festival Nacional do Camar\u00e3o de Canavieiras, a Associa\u00e7\u00e3o dos Criadores de Camar\u00e3o ir\u00e3o estudar junto com a Secretaria Municipal do Turismo a cria\u00e7\u00e3o de uma data fixa no calend\u00e1rio de eventos do Munic\u00edpio, com a finalidade de implantar o festival. \u201cSe Canavieiras j\u00e1 seduz pelas suas belezas e sua gastronomia, ficar\u00e1 ainda mais atraente por sediar os festivais do caranguejo e agora do Camar\u00e3o\u201d, concluiu Almir Melo.<\/p>\n<p style=\"text-align: justify;\">\n","protected":false},"excerpt":{"rendered":"<p>Criadores de camar\u00e3o reafirmam inten\u00e7\u00e3o\u00a0de continuar investindo em Canavieiras \u00a0A Associa\u00e7\u00e3o dos Criadores de Camar\u00e3o de Canavieiras reuniu associados, autoridades e convidados para reafirmar seu compromisso com a atividade desenvolvida em Canavieiras. Entre as propostas apresentadas pelo presidente da associa\u00e7\u00e3o, Vilmar Macari, est\u00e3o a amplia\u00e7\u00e3o dos empreendimentos e realiza\u00e7\u00e3o do Festival Nacional do Camar\u00e3o de [&hellip;]<\/p>\n","protected":false},"author":2,"featured_media":0,"comment_status":"open","ping_status":"open","sticky":false,"template":"","format":"standard","meta":{"_links_to":"","_links_to_target":""},"categories":[22],"tags":[],"_links":{"self":[{"href":"https:\/\/www.r2cpress.com.br\/v1\/wp-json\/wp\/v2\/posts\/75233"}],"collection":[{"href":"https:\/\/www.r2cpress.com.br\/v1\/wp-json\/wp\/v2\/posts"}],"about":[{"href":"https:\/\/www.r2cpress.com.br\/v1\/wp-json\/wp\/v2\/types\/post"}],"author":[{"embeddable":true,"href":"https:\/\/www.r2cpress.com.br\/v1\/wp-json\/wp\/v2\/users\/2"}],"replies":[{"embeddable":true,"href":"https:\/\/www.r2cpress.com.br\/v1\/wp-json\/wp\/v2\/comments?post=75233"}],"version-history":[{"count":3,"href":"https:\/\/www.r2cpress.com.br\/v1\/wp-json\/wp\/v2\/posts\/75233\/revisions"}],"predecessor-version":[{"id":75237,"href":"https:\/\/www.r2cpress.com.br\/v1\/wp-json\/wp\/v2\/posts\/75233\/revisions\/75237"}],"wp:attachment":[{"href":"https:\/\/www.r2cpress.com.br\/v1\/wp-json\/wp\/v2\/media?parent=75233"}],"wp:term":[{"taxonomy":"category","embeddable":true,"href":"https:\/\/www.r2cpress.com.br\/v1\/wp-json\/wp\/v2\/categories?post=75233"},{"taxonomy":"post_tag","embeddable":true,"href":"https:\/\/www.r2cpress.com.br\/v1\/wp-json\/wp\/v2\/tags?post=75233"}],"curies":[{"name":"wp","href":"https:\/\/api.w.org\/{rel}","templated":true}]}}