{"id":75238,"date":"2013-11-14T17:20:41","date_gmt":"2013-11-14T20:20:41","guid":{"rendered":"http:\/\/www.r2cpress.com.br\/v1\/?p=75238"},"modified":"2013-11-14T17:20:41","modified_gmt":"2013-11-14T20:20:41","slug":"final-de-semana-prolongado-com-diversas-opcoes-em-ilheus","status":"publish","type":"post","link":"https:\/\/www.r2cpress.com.br\/v1\/2013\/11\/14\/final-de-semana-prolongado-com-diversas-opcoes-em-ilheus\/","title":{"rendered":"Final de semana prolongado com diversas op\u00e7\u00f5es em Ilh\u00e9us"},"content":{"rendered":"<p style=\"text-align: justify;\" align=\"center\">\u00a0<i>A Cavalgada de Magali, que re\u00fane ecoturismo e cultura; shows musicais, humor\u00edstico <\/i>e homenagem ao Novembro Negro, <i>al\u00e9m de praias e restaurantes s\u00e3o op\u00e7\u00f5es para quem vai ficar na Princesinha do Sul neste final de semana.<\/i><\/p>\n<p style=\"text-align: justify;\"><i>\u00a0<\/i><\/p>\n<div id=\"attachment_75239\" style=\"width: 610px\" class=\"wp-caption aligncenter\"><a href=\"http:\/\/www.r2cpress.com.br\/v1\/wp-content\/uploads\/Ilh\u00e9us-praia-dos-milion\u00e1rios-Foto-Secom-Ilh\u00e9us.jpg\"><img aria-describedby=\"caption-attachment-75239\" loading=\"lazy\" class=\"size-full wp-image-75239\" alt=\"Ilh\u00e9us, Praia dos Milion\u00e1rios - Foto Secom Ilh\u00e9us.\" src=\"http:\/\/www.r2cpress.com.br\/v1\/wp-content\/uploads\/Ilh\u00e9us-praia-dos-milion\u00e1rios-Foto-Secom-Ilh\u00e9us.jpg\" width=\"600\" height=\"402\" srcset=\"https:\/\/www.r2cpress.com.br\/v1\/wp-content\/uploads\/Ilh\u00e9us-praia-dos-milion\u00e1rios-Foto-Secom-Ilh\u00e9us.jpg 600w, https:\/\/www.r2cpress.com.br\/v1\/wp-content\/uploads\/Ilh\u00e9us-praia-dos-milion\u00e1rios-Foto-Secom-Ilh\u00e9us-300x201.jpg 300w\" sizes=\"(max-width: 600px) 100vw, 600px\" \/><\/a><p id=\"caption-attachment-75239\" class=\"wp-caption-text\">Ilh\u00e9us, Praia dos Milion\u00e1rios &#8211; Foto Secom Ilh\u00e9us.<\/p><\/div>\n<p style=\"text-align: justify;\">O final de semana prolongado, por conta do feriado da Proclama\u00e7\u00e3o da Rep\u00fablica, nesta sexta-feira, dia 15, vai proporcionar a oportunidade de mais descanso e divers\u00e3o, e Ilh\u00e9us oferece v\u00e1rias op\u00e7\u00f5es de lazer e cultura para os moradores e turistas. Segundo\u00a0<i>o site Clima e Tempo, <\/i>at\u00e9 o domingo, dia 17,<i> <\/i>as temperaturas v\u00e3o oscilar entre 20\u00ba (m\u00ednima) e 28\u00ba (m\u00e1xima) com previs\u00e3o de sol, mas com possibilidade de chuva a qualquer momento.\u00a0Para quem preferir ir \u00e0 praia, deve estar atento a detalhes como o monitoramento das \u00e1guas.<\/p>\n<p style=\"text-align: justify;\"><!--more--><\/p>\n<p style=\"text-align: justify;\">De acordo com o relat\u00f3rio da Diretoria de Fiscaliza\u00e7\u00e3o e Monitoramento Ambiental (Difim), do Instituto do Meio Ambiente e Recursos H\u00eddricos (Inema), \u00f3rg\u00e3o vinculado \u00e0 Secretaria Estadual do Meio Ambiente (Sema), as praias da Barra de S\u00e3o Miguel, do Malhado, da Avenida Soares Lopes, Praia do Cristo, do Opaba, do Ceplus, Praia dos Milion\u00e1rios, do Cururupe e de Oliven\u00e7a est\u00e3o\u00a0aprovadas e s\u00e3o consideradas apropriadas para banho.\u00a0Apenas um trecho da Praia do Marciano (nas proximidades do Bar Litr\u00e3o), n\u00e3o est\u00e1 em boas condi\u00e7\u00f5es para o banho de mar.<\/p>\n<p style=\"text-align: justify;\">Na sexta-feira de feriado, uma boa op\u00e7\u00e3o \u00e9 a Cavalgada de Magali, com\u00a0atividades previstas para come\u00e7ar \u00e0s 8 horas, na Pra\u00e7a do Banco da Vit\u00f3ria. Durante a concentra\u00e7\u00e3o, haver\u00e1 a promo\u00e7\u00e3o de atividades culturais variadas, como apresenta\u00e7\u00e3o de grupos afros e a narra\u00e7\u00e3o da hist\u00f3ria de Sebasti\u00e3o Magali, o brasileiro que, voltando de Nova York, chegou ao munic\u00edpio em 1907, com um grupo de amigos, afirmando que era artista de circo. Em seguida, cavaleiros e amazonas sair\u00e3o em destino ao Parque de Exposi\u00e7\u00f5es, na zona sul, passando pelos distritos\u00a0de Maria Jape, Rio de Engenho, Santo Ant\u00f4nio e Couto, roteiro que permitir\u00e1 a contempla\u00e7\u00e3o de \u00e1reas buc\u00f3licas que comp\u00f5em a paisagem ilheense.<\/p>\n<p style=\"text-align: justify;\">Para quem optar por n\u00e3o ir a cavalo, durante o evento ser\u00e1 realizada uma caminhada com o mesmo destino. Na chegada ao Parque de Exposi\u00e7\u00f5es, ser\u00e1 oferecido um churrasco, que contar\u00e1 com as apresenta\u00e7\u00f5es da banda Mans\u00e3o do Cavalo e do cantor M\u00e1rcio Santos. A festa incluir\u00e1, ainda, premia\u00e7\u00f5es para as amazonas mais nova e mais velha, os cavaleiros mais novo e mais velho, a amazona e o cavaleiro mais animados e o cavalo melhor ornamentado.\u00a0A cavalgada \u00e9 uma realiza\u00e7\u00e3o da Maramata em pareceria com.<\/p>\n<p style=\"text-align: justify;\">A programa\u00e7\u00e3o de final de semana ainda conta com\u00a0show da MPB, Ax\u00e9 Pop e m\u00fasica ao vivo nas casas noturnas, al\u00e9m da aprecia\u00e7\u00e3o da culin\u00e1ria dos restaurantes locais, bem como apresenta\u00e7\u00f5es em homenagem ao Novembro Negro realizado pelos artistas do Teatro Popular de Ilh\u00e9us (TPI). Ainda, o comediante F\u00e1bio Porchat estar\u00e1 se apresentando no Centro de Conven\u00e7\u00f5es de Ilh\u00e9us no domingo, dia 17, a partir das 19 horas.<\/p>\n<p style=\"text-align: justify;\">\n<p style=\"text-align: justify;\"><b>Secretaria de Comunica\u00e7\u00e3o Social (Secom)<\/b><\/p>\n<p style=\"text-align: justify;\"><b>Ilh\u00e9us \u2013 14.11.2013<\/b><\/p>\n","protected":false},"excerpt":{"rendered":"<p>\u00a0A Cavalgada de Magali, que re\u00fane ecoturismo e cultura; shows musicais, humor\u00edstico e homenagem ao Novembro Negro, al\u00e9m de praias e restaurantes s\u00e3o op\u00e7\u00f5es para quem vai ficar na Princesinha do Sul neste final de semana. \u00a0 O final de semana prolongado, por conta do feriado da Proclama\u00e7\u00e3o da Rep\u00fablica, nesta sexta-feira, dia 15, vai [&hellip;]<\/p>\n","protected":false},"author":2,"featured_media":0,"comment_status":"open","ping_status":"open","sticky":false,"template":"","format":"standard","meta":{"_links_to":"","_links_to_target":""},"categories":[1],"tags":[],"_links":{"self":[{"href":"https:\/\/www.r2cpress.com.br\/v1\/wp-json\/wp\/v2\/posts\/75238"}],"collection":[{"href":"https:\/\/www.r2cpress.com.br\/v1\/wp-json\/wp\/v2\/posts"}],"about":[{"href":"https:\/\/www.r2cpress.com.br\/v1\/wp-json\/wp\/v2\/types\/post"}],"author":[{"embeddable":true,"href":"https:\/\/www.r2cpress.com.br\/v1\/wp-json\/wp\/v2\/users\/2"}],"replies":[{"embeddable":true,"href":"https:\/\/www.r2cpress.com.br\/v1\/wp-json\/wp\/v2\/comments?post=75238"}],"version-history":[{"count":3,"href":"https:\/\/www.r2cpress.com.br\/v1\/wp-json\/wp\/v2\/posts\/75238\/revisions"}],"predecessor-version":[{"id":75242,"href":"https:\/\/www.r2cpress.com.br\/v1\/wp-json\/wp\/v2\/posts\/75238\/revisions\/75242"}],"wp:attachment":[{"href":"https:\/\/www.r2cpress.com.br\/v1\/wp-json\/wp\/v2\/media?parent=75238"}],"wp:term":[{"taxonomy":"category","embeddable":true,"href":"https:\/\/www.r2cpress.com.br\/v1\/wp-json\/wp\/v2\/categories?post=75238"},{"taxonomy":"post_tag","embeddable":true,"href":"https:\/\/www.r2cpress.com.br\/v1\/wp-json\/wp\/v2\/tags?post=75238"}],"curies":[{"name":"wp","href":"https:\/\/api.w.org\/{rel}","templated":true}]}}