{"id":7567,"date":"2011-01-27T19:53:51","date_gmt":"2011-01-27T22:53:51","guid":{"rendered":"http:\/\/www.r2cpress.com.br\/v1\/?p=7567"},"modified":"2011-01-27T19:53:51","modified_gmt":"2011-01-27T22:53:51","slug":"camara-municipal-de-ilheus-40","status":"publish","type":"post","link":"https:\/\/www.r2cpress.com.br\/v1\/2011\/01\/27\/camara-municipal-de-ilheus-40\/","title":{"rendered":"C\u00e2mara Municipal de Ilh\u00e9us"},"content":{"rendered":"<p><strong>Vereadores esperam at\u00e9 sexta confirma\u00e7\u00e3o de pagamentos do SAMU e UTI do Hospital S\u00e3o Jos\u00e9<\/strong><\/p>\n<p>O bloco de oposi\u00e7\u00e3o formado por sete vereadores, incluindo o presidente da C\u00e2mara de Ilh\u00e9us, Edivaldo Nascimento (Dinho G\u00e1s), espera a confirma\u00e7\u00e3o dos pagamentos em atraso com o SAMU e a UTI do Hospital S\u00e3o Jos\u00e9, at\u00e9 sexta-feira, 28.<\/p>\n<p>Caso n\u00e3o se confirme os pagamentos dos sal\u00e1rios atrasados do SAMU e a reabertura da UTI do Hospital S\u00e3o Jos\u00e9, o grupo formado pelos 7 vereadores, Edivaldo Nascimento, Tarcisio Paix\u00e3o, Valmir Freitas, Bel do Vilela, Prof.Gurita, Z\u00e9 Neguinho e Jailson Nascimento, pretende se mobilizar politicamente, indo at\u00e9 o Governo do Estado, afim de pedir a estadualiza\u00e7\u00e3o dos servi\u00e7os de sa\u00fade em Ilh\u00e9us.<\/p>\n<p><!--more--><\/p>\n<p>Os vereadores tamb\u00e9m cobram explica\u00e7\u00f5es em outras duas quest\u00f5es que contribuem para o agravamento da crise do sistema de sa\u00fade p\u00fablica no munic\u00edpio, a falta de estrutura e sal\u00e1rios atrasados da rede b\u00e1sica (Postos de Sa\u00fade e Postos de Sa\u00fade da Fam\u00edlia) e o atraso dos pagamentos da rede conveniada, s\u00e3o clinicas e hospitais que realizam os atendimentos especializados como em ortopedia e pediatria, que tem valores a receber desde novembro de 2010.<\/p>\n<p>A crise se agravou com o fechamento da UTI do hospital S\u00e3o Jos\u00e9 na \u00faltima segunda, j\u00e1 na \u00faltima ter\u00e7a-feira, 25, os vereadores fizeram visitas ao SAMU e ao Hospital Regional e no final da tarde foram recebidos pelo secret\u00e1rio municipal de sa\u00fade, m\u00e9dico Jorge Arouca, que ouviu as cobran\u00e7as dos vereadores de oposi\u00e7\u00e3o, no sentido de se melhorar urgentemente os servi\u00e7os de sa\u00fade e o atendimento \u00e0 popula\u00e7\u00e3o de Ilh\u00e9us.<\/p>\n","protected":false},"excerpt":{"rendered":"<p>Vereadores esperam at\u00e9 sexta confirma\u00e7\u00e3o de pagamentos do SAMU e UTI do Hospital S\u00e3o Jos\u00e9 O bloco de oposi\u00e7\u00e3o formado por sete vereadores, incluindo o presidente da C\u00e2mara de Ilh\u00e9us, Edivaldo Nascimento (Dinho G\u00e1s), espera a confirma\u00e7\u00e3o dos pagamentos em atraso com o SAMU e a UTI do Hospital S\u00e3o Jos\u00e9, at\u00e9 sexta-feira, 28. Caso [&hellip;]<\/p>\n","protected":false},"author":2,"featured_media":0,"comment_status":"open","ping_status":"open","sticky":false,"template":"","format":"standard","meta":{"_links_to":"","_links_to_target":""},"categories":[22],"tags":[],"_links":{"self":[{"href":"https:\/\/www.r2cpress.com.br\/v1\/wp-json\/wp\/v2\/posts\/7567"}],"collection":[{"href":"https:\/\/www.r2cpress.com.br\/v1\/wp-json\/wp\/v2\/posts"}],"about":[{"href":"https:\/\/www.r2cpress.com.br\/v1\/wp-json\/wp\/v2\/types\/post"}],"author":[{"embeddable":true,"href":"https:\/\/www.r2cpress.com.br\/v1\/wp-json\/wp\/v2\/users\/2"}],"replies":[{"embeddable":true,"href":"https:\/\/www.r2cpress.com.br\/v1\/wp-json\/wp\/v2\/comments?post=7567"}],"version-history":[{"count":2,"href":"https:\/\/www.r2cpress.com.br\/v1\/wp-json\/wp\/v2\/posts\/7567\/revisions"}],"predecessor-version":[{"id":7569,"href":"https:\/\/www.r2cpress.com.br\/v1\/wp-json\/wp\/v2\/posts\/7567\/revisions\/7569"}],"wp:attachment":[{"href":"https:\/\/www.r2cpress.com.br\/v1\/wp-json\/wp\/v2\/media?parent=7567"}],"wp:term":[{"taxonomy":"category","embeddable":true,"href":"https:\/\/www.r2cpress.com.br\/v1\/wp-json\/wp\/v2\/categories?post=7567"},{"taxonomy":"post_tag","embeddable":true,"href":"https:\/\/www.r2cpress.com.br\/v1\/wp-json\/wp\/v2\/tags?post=7567"}],"curies":[{"name":"wp","href":"https:\/\/api.w.org\/{rel}","templated":true}]}}