{"id":7570,"date":"2011-01-27T19:58:00","date_gmt":"2011-01-27T22:58:00","guid":{"rendered":"http:\/\/www.r2cpress.com.br\/v1\/?p=7570"},"modified":"2011-01-27T19:58:00","modified_gmt":"2011-01-27T22:58:00","slug":"ceu-encoberto-e-chuvoso-em-grande-parte-da-bahia-neste-final-de-semana","status":"publish","type":"post","link":"https:\/\/www.r2cpress.com.br\/v1\/2011\/01\/27\/ceu-encoberto-e-chuvoso-em-grande-parte-da-bahia-neste-final-de-semana\/","title":{"rendered":"C\u00e9u  encoberto e chuvoso em grande parte da Bahia neste final de semana"},"content":{"rendered":"<p>As condi\u00e7\u00f5es do tempo no Nordeste brasileiro est\u00e3o sendo influenciada pela atua\u00e7\u00e3o da Zona de Converg\u00eancia Intertropical (ZCIT), que associada ao calor e a umidade vinda da Amaz\u00f4nia, mant\u00e9m o c\u00e9u encoberto e chuvoso em grande parte dessa Regi\u00e3o. Segundo o servi\u00e7o de meteorologia do Instituto de Gest\u00e3o das \u00c1guas e Clima (Ing\u00e1), em Salvador e Regi\u00e3o Metropolitana, entre os dias 28\/01 (sexta-feira) e 30\/01 (domingo), o calor associado aos ventos \u00famidos que sopram do Oceano Atl\u00e2ntico manter\u00e3o o tempo inst\u00e1vel com previs\u00e3o de c\u00e9u nublado a parcialmente nublado e chuvas fracas, sendo elas mais frequentes durante a noite e nas primeiras horas da manh\u00e3. As temperaturas previstas para a capital baiana dever\u00e3o oscilar entre 21\u00b0C (m\u00ednima) e 32\u00b0C (m\u00e1xima).<\/p>\n<p><!--more--><\/p>\n<p>De acordo com a meteorologista do Ing\u00e1 Her\u00e1clio Alves, a ZCIT atua com mais frequ\u00eancia entre os meses de fevereiro e maio no Nordeste brasileiro, sendo o principal sistema meteorol\u00f3gico respons\u00e1vel pelas chuvas no Centro-norte da Bahia, Centro-oeste dos estados da Para\u00edba e Pernambuco, al\u00e9m dos estados do Maranh\u00e3o, Piau\u00ed, Cear\u00e1 e Rio Grande do Norte. Para este final de semana na Bahia, a ZCIT associada \u00e0 umidade vinda da regi\u00e3o amaz\u00f4nica dever\u00e1 manter o c\u00e9u nublado a parcialmente nublado com chuvas moderadas e fracas nas regi\u00f5es Oeste, S\u00e3o Francisco e Norte. As temperaturas previstas para estas regi\u00f5es dever\u00e3o variar entre 22\u00b0C (m\u00ednima) e 30\u00b0C (m\u00e1xima).<\/p>\n<p>Para o Rec\u00f4ncavo, Nordeste, Chapada Diamantina, Sudoeste e Sul da Bahia, s\u00e3o os ventos \u00famidos vindos do Oceano Atl\u00e2ntico que ainda manter\u00e3o o c\u00e9u nublado a parcialmente nublado com chuvas fracas. \u00c9 nessas \u00e1reas onde est\u00e3o previstas as temperaturas mais elevadas do Estado (m\u00e1xima pode chegar aos 33\u00b0C) e associadas aos altos \u00edndices de umidade relativa do ar poder\u00e3o favorecer a ocorr\u00eancia de eventos isolados de chuvas moderadas nas regi\u00f5es do Rec\u00f4ncavo, Nordeste e Sul. J\u00e1 nas \u00e1reas serranas das regi\u00f5es da Chapada Diamantina e Sudoeste ainda s\u00e3o esperadas as temperaturas mais amenas, com m\u00ednima podendo chegar aos 19\u00b0C. <\/p>\n<p><strong>Mar\u00e9<\/strong><\/p>\n<p>Entre os dias 28 (sexta-feira) e 30 (domingo), a mar\u00e9 alta dever\u00e1 atingir sua altura m\u00e1xima em torno do meio-dia e meia-noite, com valores variando entre 1,6 metro e 2 metros. J\u00e1 a mar\u00e9 baixa dever\u00e1 atingir seu m\u00ednimo em torno das 6h e das 18 horas, com valores variando de 0,4 metro a 0,8 metro. As ondas dever\u00e3o ter agita\u00e7\u00e3o fraca, com altura m\u00e1xima podendo chegar a 1,5 metro. <\/p>\n<p><strong>\u00cdndice de Radia\u00e7\u00e3o Ultravioleta (IUVs)<\/strong><\/p>\n<p>Neste final de semana, a previs\u00e3o est\u00e1 indicando que os \u00cdndices de Radia\u00e7\u00e3o Ultravioleta (IUVs) dever\u00e3o permanecer com intensidade Extrema, com valores oscilando entre 12 e 13, em praticamente todo o Nordeste brasileiro.<\/p>\n<p>A meteorologista do Ing\u00e1 Maryfrance Diniz explica que durante a esta\u00e7\u00e3o do ver\u00e3o (no Hemisf\u00e9rio Sul), os dias se tornam mais longos do que as noites e as temperaturas se mant\u00eam em eleva\u00e7\u00e3o, consequentemente, h\u00e1 um aumento na intensidade da radia\u00e7\u00e3o solar, elevando tamb\u00e9m os \u00cdndices de Radia\u00e7\u00e3o Ultravioleta (IUV). \u201cO aumento da nebulosidade (t\u00edpico do ver\u00e3o) tamb\u00e9m \u00e9 registrado em grande parte do Nordeste brasileiro, incluindo o estado da Bahia. Mesmo assim, os IUVs podem assumir valores altos e, conforme a Organiza\u00e7\u00e3o Mundial de Sa\u00fade (OMS), requer cuidados quanto \u00e0 exposi\u00e7\u00e3o ao sol entre 10h e 16 horas. Recomenda-se usar filtro solar, bon\u00e9s, \u00f3culos escuros e roupas leves\u201d.  <\/p>\n","protected":false},"excerpt":{"rendered":"<p>As condi\u00e7\u00f5es do tempo no Nordeste brasileiro est\u00e3o sendo influenciada pela atua\u00e7\u00e3o da Zona de Converg\u00eancia Intertropical (ZCIT), que associada ao calor e a umidade vinda da Amaz\u00f4nia, mant\u00e9m o c\u00e9u encoberto e chuvoso em grande parte dessa Regi\u00e3o. Segundo o servi\u00e7o de meteorologia do Instituto de Gest\u00e3o das \u00c1guas e Clima (Ing\u00e1), em Salvador [&hellip;]<\/p>\n","protected":false},"author":2,"featured_media":0,"comment_status":"open","ping_status":"open","sticky":false,"template":"","format":"standard","meta":{"_links_to":"","_links_to_target":""},"categories":[29],"tags":[],"_links":{"self":[{"href":"https:\/\/www.r2cpress.com.br\/v1\/wp-json\/wp\/v2\/posts\/7570"}],"collection":[{"href":"https:\/\/www.r2cpress.com.br\/v1\/wp-json\/wp\/v2\/posts"}],"about":[{"href":"https:\/\/www.r2cpress.com.br\/v1\/wp-json\/wp\/v2\/types\/post"}],"author":[{"embeddable":true,"href":"https:\/\/www.r2cpress.com.br\/v1\/wp-json\/wp\/v2\/users\/2"}],"replies":[{"embeddable":true,"href":"https:\/\/www.r2cpress.com.br\/v1\/wp-json\/wp\/v2\/comments?post=7570"}],"version-history":[{"count":2,"href":"https:\/\/www.r2cpress.com.br\/v1\/wp-json\/wp\/v2\/posts\/7570\/revisions"}],"predecessor-version":[{"id":7572,"href":"https:\/\/www.r2cpress.com.br\/v1\/wp-json\/wp\/v2\/posts\/7570\/revisions\/7572"}],"wp:attachment":[{"href":"https:\/\/www.r2cpress.com.br\/v1\/wp-json\/wp\/v2\/media?parent=7570"}],"wp:term":[{"taxonomy":"category","embeddable":true,"href":"https:\/\/www.r2cpress.com.br\/v1\/wp-json\/wp\/v2\/categories?post=7570"},{"taxonomy":"post_tag","embeddable":true,"href":"https:\/\/www.r2cpress.com.br\/v1\/wp-json\/wp\/v2\/tags?post=7570"}],"curies":[{"name":"wp","href":"https:\/\/api.w.org\/{rel}","templated":true}]}}