{"id":75724,"date":"2013-11-27T02:57:14","date_gmt":"2013-11-27T05:57:14","guid":{"rendered":"http:\/\/www.r2cpress.com.br\/v1\/?p=75724"},"modified":"2013-11-27T03:11:53","modified_gmt":"2013-11-27T06:11:53","slug":"ilheus-loja-maconica-elias-ocke-45-anos","status":"publish","type":"post","link":"https:\/\/www.r2cpress.com.br\/v1\/2013\/11\/27\/ilheus-loja-maconica-elias-ocke-45-anos\/","title":{"rendered":"ILH\u00c9US \/ Loja Ma\u00e7\u00f4nica Elias Ock\u00e9 &#8211; 45 anos"},"content":{"rendered":"<p><a href=\"http:\/\/www.r2cpress.com.br\/v1\/wp-content\/uploads\/LOGO-DA-LOJA_300.jpg\"><img loading=\"lazy\" src=\"http:\/\/www.r2cpress.com.br\/v1\/wp-content\/uploads\/LOGO-DA-LOJA_300.jpg\" alt=\"LOGO DA LOJA_300\" width=\"330\" height=\"311\" class=\"alignright size-full wp-image-75729\" srcset=\"https:\/\/www.r2cpress.com.br\/v1\/wp-content\/uploads\/LOGO-DA-LOJA_300.jpg 330w, https:\/\/www.r2cpress.com.br\/v1\/wp-content\/uploads\/LOGO-DA-LOJA_300-300x282.jpg 300w\" sizes=\"(max-width: 330px) 100vw, 330px\" \/><\/a>A nossa  QUERIDA Loja Ma\u00e7\u00f4nica Elias Ock\u00e9 completar\u00e1 45 anos no dia 28. Os Irm\u00e3os decidiram comemorar na sess\u00e3o desta ter\u00e7a (26). A Loja ganhou festa comemorativa. Ganhou tamb\u00e9m uma bel\u00edssima espada flamejante. O Irm\u00e3o Alisson Soares fez a entrega. Como parte das comemora\u00e7\u00f5es O Vener\u00e1vel Mestre fez a reinaugura\u00e7\u00e3o da galeria dos ex-Vener\u00e1veis com as fotos &#8220;tratadas&#8221;   e moldura em vidro. Naquele momento usou da palavra o Irm\u00e3o  Durval Cardoso escolhido que foi por ser filho do primeiro Vener\u00e1vel da Loja o t\u00e3o vibrante quanto atuante  Durval Cardoso.<br \/>\nNo Templo o Irm\u00e3o Vener\u00e1vel de Honra \u00c1lvaro Evangelino fez um pronunciamento relembrando a &#8216;caminhada&#8217; da Loja e na sua mensagem mesclou filosofia Ma\u00e7\u00f4nica, hist\u00f3ria e fechou com um chamamento para  Humildade e avalia\u00e7\u00e3o di\u00e1ria de conduta. O Irm\u00e3o L\u00f3rens (Dep. Estadual da Poderosa Assembleia Baiana) direcionou sua fala mais para o filosofismo. O Delegado Lit\u00fargico, Antonio Cavalcanti disse do Rito Brasileiro e posicionou seu tema na dire\u00e7\u00e3o da Ma\u00e7onaria para o bem comum. O Vener\u00e1vel Mestre Enio Felipe Daud Lima mostou contentamento com o crescimento da Loja e respectiva UNI\u00c3O dos IRM\u00c3OS. Disse do trabalho realizado e do muito que ainda tem projetado no sentido de fazer crescer, ainda mais, a unidade de prop\u00f3sito  e disse tamb\u00e9m das reformas que est\u00e3o a caminho. M\u00e1rcia Lima, esposa do Vener\u00e1vel, mais uma vez, ladeada pela Fraternidade Feminina Cruzeiro do Sul, fez bonito e cuidou, com muito carinho, das coisas no Sal\u00e3o Nobre. O sal\u00e3o j\u00e1 est\u00e1 com &#8220;cheiro&#8221; de Natal e isso sinaliza que a ceia deste ano vai superar a de anos anteriores. <\/p>\n<p>A presen\u00e7a marcante dos Irm\u00e3os foi o ponto alto desta festa de anivers\u00e1rio. Ali\u00e1s, a bem da VERDADE, essa alegria contagiante dos obreiros da ELIAS OCK\u00c9, indiscutivelmente, \u00e9 o ponto forte (para n\u00e3o dizer o MAIS MARCANTE) nos  nossos encontros, reuni\u00f5es,  sess\u00f5es &#8230;<\/p>\n<p>Foi uma Noite\/Sess\u00e3o que, por TUDO visto e vivido, ser\u00e1 INESQUEC\u00cdVEL<\/p>\n<p>P A R A B \u00c9 N S !!!!!!<\/p>\n<p>TFA.&#8217;.  para todos e fiquemos com <strong>DEUS <\/strong>(Sempre!).<\/p>\n<p>Ir.&#8217;. Rabat.<br \/>\nM.&#8217;.M.&#8217;.<\/p>\n<p><center>   <a href=\"http:\/\/www.r2cpress.com.br\/v1\/wp-content\/uploads\/CAPA-R2CPRESS219.jpg\"><img loading=\"lazy\" src=\"http:\/\/www.r2cpress.com.br\/v1\/wp-content\/uploads\/CAPA-R2CPRESS219.jpg\" alt=\"CAPA R2CPRESS\" width=\"600\" height=\"600\" class=\"aligncenter size-full wp-image-75725\" srcset=\"https:\/\/www.r2cpress.com.br\/v1\/wp-content\/uploads\/CAPA-R2CPRESS219.jpg 600w, https:\/\/www.r2cpress.com.br\/v1\/wp-content\/uploads\/CAPA-R2CPRESS219-150x150.jpg 150w, https:\/\/www.r2cpress.com.br\/v1\/wp-content\/uploads\/CAPA-R2CPRESS219-300x300.jpg 300w\" sizes=\"(max-width: 600px) 100vw, 600px\" \/><\/a>  <\/center><\/p>\n<p><center><strong>VEJA FOTOS CLICANDO<\/strong> <a HREF = \"https:\/\/picasaweb.google.com\/103663298022228975452\/REASSUNCAODOVENERAVELMESTRE_ENIOFELIPEDAUDLIMA_EPOSSEDANOVADIRETORIA#5950799801044319426\" TARGET = \"_NEWS\"><b>AQUI<\/b><\/a> <strong>E DEPOIS NA SETA PARA AVAN\u00c7AR.<\/strong><\/center><\/p>\n","protected":false},"excerpt":{"rendered":"<p>A nossa QUERIDA Loja Ma\u00e7\u00f4nica Elias Ock\u00e9 completar\u00e1 45 anos no dia 28. Os Irm\u00e3os decidiram comemorar na sess\u00e3o desta ter\u00e7a (26). A Loja ganhou festa comemorativa. Ganhou tamb\u00e9m uma bel\u00edssima espada flamejante. O Irm\u00e3o Alisson Soares fez a entrega. Como parte das comemora\u00e7\u00f5es O Vener\u00e1vel Mestre fez a reinaugura\u00e7\u00e3o da galeria dos ex-Vener\u00e1veis com [&hellip;]<\/p>\n","protected":false},"author":2,"featured_media":0,"comment_status":"open","ping_status":"open","sticky":false,"template":"","format":"standard","meta":{"_links_to":"","_links_to_target":""},"categories":[34],"tags":[],"_links":{"self":[{"href":"https:\/\/www.r2cpress.com.br\/v1\/wp-json\/wp\/v2\/posts\/75724"}],"collection":[{"href":"https:\/\/www.r2cpress.com.br\/v1\/wp-json\/wp\/v2\/posts"}],"about":[{"href":"https:\/\/www.r2cpress.com.br\/v1\/wp-json\/wp\/v2\/types\/post"}],"author":[{"embeddable":true,"href":"https:\/\/www.r2cpress.com.br\/v1\/wp-json\/wp\/v2\/users\/2"}],"replies":[{"embeddable":true,"href":"https:\/\/www.r2cpress.com.br\/v1\/wp-json\/wp\/v2\/comments?post=75724"}],"version-history":[{"count":7,"href":"https:\/\/www.r2cpress.com.br\/v1\/wp-json\/wp\/v2\/posts\/75724\/revisions"}],"predecessor-version":[{"id":75733,"href":"https:\/\/www.r2cpress.com.br\/v1\/wp-json\/wp\/v2\/posts\/75724\/revisions\/75733"}],"wp:attachment":[{"href":"https:\/\/www.r2cpress.com.br\/v1\/wp-json\/wp\/v2\/media?parent=75724"}],"wp:term":[{"taxonomy":"category","embeddable":true,"href":"https:\/\/www.r2cpress.com.br\/v1\/wp-json\/wp\/v2\/categories?post=75724"},{"taxonomy":"post_tag","embeddable":true,"href":"https:\/\/www.r2cpress.com.br\/v1\/wp-json\/wp\/v2\/tags?post=75724"}],"curies":[{"name":"wp","href":"https:\/\/api.w.org\/{rel}","templated":true}]}}