{"id":7605,"date":"2011-01-28T11:48:11","date_gmt":"2011-01-28T14:48:11","guid":{"rendered":"http:\/\/www.r2cpress.com.br\/v1\/?p=7605"},"modified":"2011-01-28T11:48:11","modified_gmt":"2011-01-28T14:48:11","slug":"inga-apresenta-acoes-de-monitoramento-meteorologico-durante-encontro-com-agencia-nacional-de-aguas-em-brasilia","status":"publish","type":"post","link":"https:\/\/www.r2cpress.com.br\/v1\/2011\/01\/28\/inga-apresenta-acoes-de-monitoramento-meteorologico-durante-encontro-com-agencia-nacional-de-aguas-em-brasilia\/","title":{"rendered":"Ing\u00e1 apresenta a\u00e7\u00f5es de monitoramento meteorol\u00f3gico durante encontro com Ag\u00eancia Nacional de \u00c1guas, em Bras\u00edlia"},"content":{"rendered":"<p>A avalia\u00e7\u00e3o do per\u00edodo chuvoso de 2010 e in\u00edcio de 2011 e as perspectivas de janeiro a mar\u00e7o deste ano foram os motivos para a Ag\u00eancia Nacional das \u00c1guas (ANA) convocar os principais \u00f3rg\u00e3os ligados a climatologia do pa\u00eds para fazerem um balan\u00e7o das a\u00e7\u00f5es desenvolvidas, at\u00e9 o momento, pela Uni\u00e3o, estados e munic\u00edpios. O Instituto de Gest\u00e3o das \u00c1guas e Clima participou do encontro e apresentou as iniciativas em casos de chuvas e eventos extremos, destacando as a\u00e7\u00f5es de monitoramento dos dados de chuva, emiss\u00e3o de boletins pluviom\u00e9tricos, previs\u00e3o do tempo e outros servi\u00e7os disponibilizados pelo Centro Estadual de Meteorologia da Bahia (Cemba) \u00e0 popula\u00e7\u00e3o baiana.<\/p>\n<p>A opera\u00e7\u00e3o coordenada pela ANA visa \u00e0 preven\u00e7\u00e3o, monitoramento e mitiga\u00e7\u00e3o dos impactos de inunda\u00e7\u00f5es. A ag\u00eancia contextualizou o quadro hidrol\u00f3gico (\u00e1gua) pa\u00eds e apresentou a \u2018Sala de Situa\u00e7\u00e3o\u2019 onde recebe as informa\u00e7\u00f5es meteorol\u00f3gicas de todo o pa\u00eds hora em hora, atrav\u00e9s de plataformas telem\u00e9tricas (transmiss\u00e3o via sat\u00e9lite), que s\u00e3o reenviadas para um banco de dados e direcionadas ao Sistema Nacional de Informa\u00e7\u00f5es de Recursos H\u00eddricos (SNIR). Quando o sistema aponta um evento grave muito acima ou abaixo da m\u00e9dia prevista, gera um alerta para um protocolo de a\u00e7\u00e3o. Dessa forma, a ANA aciona a Defesa Civil Nacional e outros \u00f3rg\u00e3os federais, e por fim, a Presid\u00eancia da Rep\u00fablica.<\/p>\n<p><!--more--><\/p>\n<p>Segundo os representantes do Ing\u00e1 no encontro (Gabriel Palma, diretor de Monitoramento e Informa\u00e7\u00e3o; e Maria Quit\u00e9ria Oliveira, coordenadora de Estudos e Projetos de Recursos H\u00eddricos), o funcionamento da Sala de Situa\u00e7\u00e3o para eventos cr\u00edticos da ANA servir\u00e1 de modelo para o desenvolvimento das a\u00e7\u00f5es da Comiss\u00e3o Estadual de Resposta aos Danos das Chuvas. O grupo presente ao encontro, que tamb\u00e9m contou com a presen\u00e7a de Paulo S\u00e9rgio, coordenador da Defesa Civil Estadual &#8211; sinalizou que a Bahia est\u00e1 se preparando para criar condi\u00e7\u00f5es para prever e agir em situa\u00e7\u00f5es de eventos extremos, tanto relacionados a monitoramento de chuvas, quanto de secas e inc\u00eandios.<\/p>\n<p>Outra a\u00e7\u00e3o que servir\u00e1 de apoio aos monitoramentos hidrometeorol\u00f3gicos, na Bahia, ser\u00e1 a inser\u00e7\u00e3o de mais 5 Plataformas de Coleta de Dados (PCDS) na regi\u00e3o Metropolitana \u2013 2 em Lauro de Freitas; 1 em Sim\u00f5es Filho; 1 em Candeias; 2 em Salvador. O objetivo \u00e9 ampliar os pontos de monitoramento pluviom\u00e9trico, j\u00e1 que a regi\u00e3o sofre com constantes inunda\u00e7\u00f5es em per\u00edodos chuvosos e por se tratar da maior \u00e1rea de densidade populacional do Estado.<\/p>\n<p>O diretor-geral do Ing\u00e1, Wanderley Matos lembra que o monitoramento dos focos de calor realizado pela equipe respons\u00e1vel pela climatologia no \u00f3rg\u00e3o \u00e9 um exemplo aprovado pelo Minist\u00e9rio do Meio Ambiente e que servir\u00e1 de inspira\u00e7\u00e3o para outros estados. A Chapada dos Veadeiros, em Goi\u00e1s, ser\u00e1 o primeiro destino a utilizar os dados do sistema e do modelo de gest\u00e3o de eventos cr\u00edticos j\u00e1 experimentado pelo governo estadual, que ajudou na preven\u00e7\u00e3o e combate aos focos de calor e inc\u00eandios na Chapada Diamantina, na Bahia.<\/p>\n<p>Durante os meses que anteciparam o per\u00edodo de estiagem na regi\u00e3o baiana e tida como a \u00e9poca mais quente, a \u00e1rea contou com uma opera\u00e7\u00e3o do governo estadual e contribui\u00e7\u00e3o de diversos \u00f3rg\u00e3os, entre eles, o Ing\u00e1, Instituto de Meio Ambiente, Cordec, Corpo de Bombeiros e Secretaria Estadual de Meio Ambiente (Sema) para localizar os focos de calor monitorados por t\u00e9cnicos do Ing\u00e1 com o uso do Sigweb-I3 geo, um sistema desenvolvido pelo Minist\u00e9rio do Meio Ambiente (MMA), que funciona como uma ferramenta de localiza\u00e7\u00e3o geogr\u00e1fica.<\/p>\n<p>Os estados presentes \u2013 RS, SP, MG, BA, AL, SE, PE e GO- na reuni\u00e3o revelaram como funcionam a estrutura de monitoramento hidrometeorol\u00f3gico e sistemas de alerta e concordaram que precisam refor\u00e7ar os planos de conting\u00eancia para divulgar informa\u00e7\u00f5es antecipadas sobre eventos cr\u00edticos para as popula\u00e7\u00f5es. A reuni\u00e3o tamb\u00e9m contou com a participa\u00e7\u00e3o dos \u00f3rg\u00e3os: NOS, CPTEC\/INPE, INMET, CPRM e representantes de secretarias estaduais de recursos h\u00eddricos ou meio ambiente e \u00f3rg\u00e3os relacionados \u00e0 gest\u00e3o das \u00e1guas.<\/p>\n","protected":false},"excerpt":{"rendered":"<p>A avalia\u00e7\u00e3o do per\u00edodo chuvoso de 2010 e in\u00edcio de 2011 e as perspectivas de janeiro a mar\u00e7o deste ano foram os motivos para a Ag\u00eancia Nacional das \u00c1guas (ANA) convocar os principais \u00f3rg\u00e3os ligados a climatologia do pa\u00eds para fazerem um balan\u00e7o das a\u00e7\u00f5es desenvolvidas, at\u00e9 o momento, pela Uni\u00e3o, estados e munic\u00edpios. O [&hellip;]<\/p>\n","protected":false},"author":2,"featured_media":0,"comment_status":"open","ping_status":"open","sticky":false,"template":"","format":"standard","meta":{"_links_to":"","_links_to_target":""},"categories":[29],"tags":[],"_links":{"self":[{"href":"https:\/\/www.r2cpress.com.br\/v1\/wp-json\/wp\/v2\/posts\/7605"}],"collection":[{"href":"https:\/\/www.r2cpress.com.br\/v1\/wp-json\/wp\/v2\/posts"}],"about":[{"href":"https:\/\/www.r2cpress.com.br\/v1\/wp-json\/wp\/v2\/types\/post"}],"author":[{"embeddable":true,"href":"https:\/\/www.r2cpress.com.br\/v1\/wp-json\/wp\/v2\/users\/2"}],"replies":[{"embeddable":true,"href":"https:\/\/www.r2cpress.com.br\/v1\/wp-json\/wp\/v2\/comments?post=7605"}],"version-history":[{"count":2,"href":"https:\/\/www.r2cpress.com.br\/v1\/wp-json\/wp\/v2\/posts\/7605\/revisions"}],"predecessor-version":[{"id":7607,"href":"https:\/\/www.r2cpress.com.br\/v1\/wp-json\/wp\/v2\/posts\/7605\/revisions\/7607"}],"wp:attachment":[{"href":"https:\/\/www.r2cpress.com.br\/v1\/wp-json\/wp\/v2\/media?parent=7605"}],"wp:term":[{"taxonomy":"category","embeddable":true,"href":"https:\/\/www.r2cpress.com.br\/v1\/wp-json\/wp\/v2\/categories?post=7605"},{"taxonomy":"post_tag","embeddable":true,"href":"https:\/\/www.r2cpress.com.br\/v1\/wp-json\/wp\/v2\/tags?post=7605"}],"curies":[{"name":"wp","href":"https:\/\/api.w.org\/{rel}","templated":true}]}}