{"id":76149,"date":"2013-12-05T10:13:50","date_gmt":"2013-12-05T13:13:50","guid":{"rendered":"http:\/\/www.r2cpress.com.br\/v1\/?p=76149"},"modified":"2013-12-05T10:13:50","modified_gmt":"2013-12-05T13:13:50","slug":"gente-nossa-brilhando-la-fora-orgulho-para-todos-nos","status":"publish","type":"post","link":"https:\/\/www.r2cpress.com.br\/v1\/2013\/12\/05\/gente-nossa-brilhando-la-fora-orgulho-para-todos-nos\/","title":{"rendered":"Gente nossa BRILHANDO l\u00e1 fora (Orgulho para todos N\u00d3S)"},"content":{"rendered":"<p>O advogado Manoel Carlos de Almeida Neto, ex-secret\u00e1rio geral do Tribunal Superior Eleitoral e atual assessor da vice presid\u00eancia do Supremo Tribunal Federal recebeu ontem o t\u00edtulo de Doutor em Direito do Estado pela Faculdade de Direito da Universidade de S\u00e3o Paulo (USP), em ato ocorrido no Sal\u00e3o Nobre da institui\u00e7\u00e3o e presidido pelo Ministro Ricardo Lewandowski, Professor Titular da casa.<br \/>\n<div id=\"attachment_76150\" style=\"width: 610px\" class=\"wp-caption aligncenter\"><a href=\"http:\/\/www.r2cpress.com.br\/v1\/wp-content\/uploads\/NETO_USP.jpg\"><img aria-describedby=\"caption-attachment-76150\" loading=\"lazy\" src=\"http:\/\/www.r2cpress.com.br\/v1\/wp-content\/uploads\/NETO_USP.jpg\" alt=\"Manoel Carlos de Almeida Neto (terceiro da esquerda para a direira).\" width=\"600\" height=\"401\" class=\"size-full wp-image-76150\" srcset=\"https:\/\/www.r2cpress.com.br\/v1\/wp-content\/uploads\/NETO_USP.jpg 600w, https:\/\/www.r2cpress.com.br\/v1\/wp-content\/uploads\/NETO_USP-300x200.jpg 300w\" sizes=\"(max-width: 600px) 100vw, 600px\" \/><\/a><p id=\"caption-attachment-76150\" class=\"wp-caption-text\">Manoel Carlos de Almeida Neto (terceiro da esquerda para a direira).<\/p><\/div><\/p>\n<p>A banca examinadora foi composta pelo vice presidente da rep\u00fablica, Michel Temer, pelo ex-governador de S\u00e3o Paulo, Cl\u00e1udio Lembo, professores de Direito Constitucional, al\u00e9m de Heleno Torres e M\u00f4nica Herman, coordenadora de p\u00f3s-gradua\u00e7\u00e3o da USP. A tese, intitulada &#8220;Poder Normativo da Justi\u00e7a Eleitoral&#8221;, foi aprovada com men\u00e7\u00e3o de louvor pela banca, que recomendou sua publica\u00e7\u00e3o. Os professores elogiaram a \u201ccoragem\u201d do candidato em tratar de temas in\u00e9ditos e outros pol\u00eamicos, como a usurpa\u00e7\u00e3o de prerrogativas do Congresso Nacional pelo TSE.    <\/p>\n","protected":false},"excerpt":{"rendered":"<p>O advogado Manoel Carlos de Almeida Neto, ex-secret\u00e1rio geral do Tribunal Superior Eleitoral e atual assessor da vice presid\u00eancia do Supremo Tribunal Federal recebeu ontem o t\u00edtulo de Doutor em Direito do Estado pela Faculdade de Direito da Universidade de S\u00e3o Paulo (USP), em ato ocorrido no Sal\u00e3o Nobre da institui\u00e7\u00e3o e presidido pelo Ministro [&hellip;]<\/p>\n","protected":false},"author":2,"featured_media":0,"comment_status":"open","ping_status":"open","sticky":false,"template":"","format":"standard","meta":{"_links_to":"","_links_to_target":""},"categories":[14],"tags":[],"_links":{"self":[{"href":"https:\/\/www.r2cpress.com.br\/v1\/wp-json\/wp\/v2\/posts\/76149"}],"collection":[{"href":"https:\/\/www.r2cpress.com.br\/v1\/wp-json\/wp\/v2\/posts"}],"about":[{"href":"https:\/\/www.r2cpress.com.br\/v1\/wp-json\/wp\/v2\/types\/post"}],"author":[{"embeddable":true,"href":"https:\/\/www.r2cpress.com.br\/v1\/wp-json\/wp\/v2\/users\/2"}],"replies":[{"embeddable":true,"href":"https:\/\/www.r2cpress.com.br\/v1\/wp-json\/wp\/v2\/comments?post=76149"}],"version-history":[{"count":1,"href":"https:\/\/www.r2cpress.com.br\/v1\/wp-json\/wp\/v2\/posts\/76149\/revisions"}],"predecessor-version":[{"id":76151,"href":"https:\/\/www.r2cpress.com.br\/v1\/wp-json\/wp\/v2\/posts\/76149\/revisions\/76151"}],"wp:attachment":[{"href":"https:\/\/www.r2cpress.com.br\/v1\/wp-json\/wp\/v2\/media?parent=76149"}],"wp:term":[{"taxonomy":"category","embeddable":true,"href":"https:\/\/www.r2cpress.com.br\/v1\/wp-json\/wp\/v2\/categories?post=76149"},{"taxonomy":"post_tag","embeddable":true,"href":"https:\/\/www.r2cpress.com.br\/v1\/wp-json\/wp\/v2\/tags?post=76149"}],"curies":[{"name":"wp","href":"https:\/\/api.w.org\/{rel}","templated":true}]}}