{"id":76245,"date":"2013-12-06T17:33:20","date_gmt":"2013-12-06T20:33:20","guid":{"rendered":"http:\/\/www.r2cpress.com.br\/v1\/?p=76245"},"modified":"2013-12-06T17:33:20","modified_gmt":"2013-12-06T20:33:20","slug":"descobrindo-a-fotografia","status":"publish","type":"post","link":"https:\/\/www.r2cpress.com.br\/v1\/2013\/12\/06\/descobrindo-a-fotografia\/","title":{"rendered":"Descobrindo a FOTOGRAFIA"},"content":{"rendered":"<div>\n<p>Apenas duas semanas depois da turma anterior, j\u00e1 teremos novo grupo, ansioso por novos olhares sobre a Fotografia!<\/p>\n<p>Desta vez, na\u00a0 ACEAI &#8211; Associa\u00e7\u00e3o Centro Educacional de A\u00e7\u00e3o Integrada,\u00a0 na Zona Sul de Ilh\u00e9us, Bairro N. Sra. da Vit\u00f3ria. O local \u00e9 lindo, com espa\u00e7o para a aula te\u00f3rica e bastante &#8220;assunto&#8221; para a parte pr\u00e1tica. ;)Como a dist\u00e2ncia do centro da cidade \u00e9 relativamente grande, providenciamos a Kombi da institui\u00e7\u00e3o para transportar os alunos que n\u00e3o possuem carro, da Pra\u00e7a Cairu at\u00e9 o local do Curso, sem custos.<br \/>\nPelo mesmo motivo, almo\u00e7aremos todos l\u00e1, no refeit\u00f3rio da ACEAI, com um custo de R$ 10,00\u00a0 j\u00e1 embutido no valor do investimento do curso.<\/p>\n<p>Aten\u00e7\u00e3o para os detalhes:<\/p>\n<ul>\n<li>12h\/aula de dura\u00e7\u00e3o<\/li>\n<li>Dias 14 e 15 de DEZEMBRO de 2013 (S\u00e1bado 8-12h e 14-18h. Domingo: 7-11h)<\/li>\n<li>Valor do Investimento:<br \/>\nR$ 110,00 Dep\u00f3sito Banco do Brasil ag. 0019-1 CC 44659-9<br \/>\nOU<br \/>\nR$ 120,00 no cart\u00e3o de cr\u00e9dito (via PagSeguro ou PayPal)<\/li>\n<\/ul>\n<p align=\"center\"><strong><span>Este valor INCLUI O ALMO\u00c7O DO S\u00c1BADO.<\/span><\/strong><\/p>\n<p align=\"left\"><strong><\/strong> O programa do Curso estar\u00e1 dispon\u00edvel em apostila digital:<\/p>\n<ul>\n<li>Fotografia: O que \u00e9 e para que serve?<\/li>\n<li>Conhecendo seu equipamento<\/li>\n<li>Composi\u00e7\u00e3o da Imagem: Est\u00e9tica e Mensagem<\/li>\n<li>Uso do flash<\/li>\n<li>Erros a serem evitados<\/li>\n<\/ul>\n<p>No curso, al\u00e9m da parte te\u00f3rica, teremos tamb\u00e9m:<\/p>\n<ul>\n<li>Aula pr\u00e1tica de fotografia externa<\/li>\n<li>Sele\u00e7\u00e3o e avalia\u00e7\u00e3o das fotos produzidas<\/li>\n<\/ul>\n<p><strong>P\u00fablico alvo:<\/strong> Amantes da Fotografia, com desejo de descerrar as cortinas do olhar, e produzirem fotos melhores em termos de t\u00e9cnica e est\u00e9tica.<br \/>\n<strong>Equipamento necess\u00e1rio:<\/strong> Qualquer c\u00e2mera fotogr\u00e1fica, exceto celular.<strong>***** VAGAS LIMITADAS *****<\/strong><\/p>\n<p>&nbsp;<\/p>\n<p><strong>INSCRI\u00c7\u00d5ES ONLINE: <\/strong><a href=\"https:\/\/docs.google.com\/forms\/d\/1HEYIH1QAIyVjUr93f6l1bvPdQ_x7H7BnKKt_f7oS4LI\/viewform\" target=\"_blank\"><strong>Clique aqui.<\/strong><\/a><br \/>\n&#8212;<\/p>\n<\/div>\n<div>Anabel Silveira Mascarenhas<\/div>\n","protected":false},"excerpt":{"rendered":"<p>Apenas duas semanas depois da turma anterior, j\u00e1 teremos novo grupo, ansioso por novos olhares sobre a Fotografia! Desta vez, na\u00a0 ACEAI &#8211; Associa\u00e7\u00e3o Centro Educacional de A\u00e7\u00e3o Integrada,\u00a0 na Zona Sul de Ilh\u00e9us, Bairro N. Sra. da Vit\u00f3ria. O local \u00e9 lindo, com espa\u00e7o para a aula te\u00f3rica e bastante &#8220;assunto&#8221; para a parte [&hellip;]<\/p>\n","protected":false},"author":2,"featured_media":0,"comment_status":"open","ping_status":"open","sticky":false,"template":"","format":"standard","meta":{"_links_to":"","_links_to_target":""},"categories":[28],"tags":[],"_links":{"self":[{"href":"https:\/\/www.r2cpress.com.br\/v1\/wp-json\/wp\/v2\/posts\/76245"}],"collection":[{"href":"https:\/\/www.r2cpress.com.br\/v1\/wp-json\/wp\/v2\/posts"}],"about":[{"href":"https:\/\/www.r2cpress.com.br\/v1\/wp-json\/wp\/v2\/types\/post"}],"author":[{"embeddable":true,"href":"https:\/\/www.r2cpress.com.br\/v1\/wp-json\/wp\/v2\/users\/2"}],"replies":[{"embeddable":true,"href":"https:\/\/www.r2cpress.com.br\/v1\/wp-json\/wp\/v2\/comments?post=76245"}],"version-history":[{"count":1,"href":"https:\/\/www.r2cpress.com.br\/v1\/wp-json\/wp\/v2\/posts\/76245\/revisions"}],"predecessor-version":[{"id":76246,"href":"https:\/\/www.r2cpress.com.br\/v1\/wp-json\/wp\/v2\/posts\/76245\/revisions\/76246"}],"wp:attachment":[{"href":"https:\/\/www.r2cpress.com.br\/v1\/wp-json\/wp\/v2\/media?parent=76245"}],"wp:term":[{"taxonomy":"category","embeddable":true,"href":"https:\/\/www.r2cpress.com.br\/v1\/wp-json\/wp\/v2\/categories?post=76245"},{"taxonomy":"post_tag","embeddable":true,"href":"https:\/\/www.r2cpress.com.br\/v1\/wp-json\/wp\/v2\/tags?post=76245"}],"curies":[{"name":"wp","href":"https:\/\/api.w.org\/{rel}","templated":true}]}}