{"id":76257,"date":"2013-12-06T21:35:30","date_gmt":"2013-12-07T00:35:30","guid":{"rendered":"http:\/\/www.r2cpress.com.br\/v1\/?p=76257"},"modified":"2013-12-06T21:35:30","modified_gmt":"2013-12-07T00:35:30","slug":"bispo-diocesano-de-ilheus-agora-tem-titulo-de-cidadao-ilheense","status":"publish","type":"post","link":"https:\/\/www.r2cpress.com.br\/v1\/2013\/12\/06\/bispo-diocesano-de-ilheus-agora-tem-titulo-de-cidadao-ilheense\/","title":{"rendered":"Bispo Diocesano de Ilh\u00e9us Agora tem t\u00edtulo de Cidad\u00e3o Ilheense."},"content":{"rendered":"<p><b><\/b>Com uma Cerim\u00f4nia realizada no Audit\u00f3rio da Faculdade de Ilh\u00e9us, Dom Mauro Montagnoli, Bispo da Diocese de Ilh\u00e9us Natural de Ouro Fino \u2013 MG, recebeu das m\u00e3os do Vereador Luiz Carlos \u201cO Escuta\u201d o T\u00edtulo de Cidad\u00e3o Ilheense juntamente com v\u00e1rias outras pessoas que foram outorgadas com este t\u00edtulo proporcionado pela C\u00e2mara Municipal, dentre eles: Empres\u00e1rios, Vereadores, Pastores, entre outros.<\/p>\n<div id=\"attachment_76258\" style=\"width: 460px\" class=\"wp-caption aligncenter\"><a href=\"http:\/\/www.r2cpress.com.br\/v1\/wp-content\/uploads\/CAPA-R2CPRESS_33.jpg\"><img aria-describedby=\"caption-attachment-76258\" loading=\"lazy\" class=\"size-full wp-image-76258\" alt=\"ILH\u00c9US\" src=\"http:\/\/www.r2cpress.com.br\/v1\/wp-content\/uploads\/CAPA-R2CPRESS_33.jpg\" width=\"450\" height=\"450\" srcset=\"https:\/\/www.r2cpress.com.br\/v1\/wp-content\/uploads\/CAPA-R2CPRESS_33.jpg 450w, https:\/\/www.r2cpress.com.br\/v1\/wp-content\/uploads\/CAPA-R2CPRESS_33-150x150.jpg 150w, https:\/\/www.r2cpress.com.br\/v1\/wp-content\/uploads\/CAPA-R2CPRESS_33-300x300.jpg 300w\" sizes=\"(max-width: 450px) 100vw, 450px\" \/><\/a><p id=\"caption-attachment-76258\" class=\"wp-caption-text\">ILH\u00c9US<\/p><\/div>\n<p>A Cerim\u00f4nia teve o seu inicio \u00e0s 20h02 do dia 05 de dezembro contando com a presen\u00e7a de Autoridades Civis, Militares e Religiosas, do Prefeito Jabes Ribeiro e sua esposa, e teve como mediador do evento o Radialista Maltez de Athayde.<\/p>\n<p>Porem o nosso Bispo Diocesano, n\u00e3o estava sozinho pois estavam l\u00e1 os Padres: Edinilson Vivas (Vig\u00e1rio Geral e P\u00e1roco da Par\u00f3quia S\u00e3o Jorge) e tamb\u00e9m Jo\u00e3o B. Oiticica (Par\u00f3quia Nossa Senhora Aparecida &#8211; Malhado), al\u00e9m de Religiosos e Religiosas, que l\u00e1 se encontraram para dar os Parab\u00e9ns e aquele abra\u00e7o no nosso novo Conterr\u00e2neo.<\/p>\n<p>Ao final sem muitas obriga\u00e7\u00f5es, alguns dos Condecorados e novos Cidad\u00e3os Ilheenses deram suas mensagens de agradecimento e dentre eles o nosso Bispo Diocesano que disse: <em><b>\u201cA partir de agora, sinto-me mais Respons\u00e1vel com este povo que me acolhe a quase 18 anos.\u201d <\/b><\/em><\/p>\n<p align=\"center\">\u00a0<em>\u201cParab\u00e9ns Dom Mauro e que Deus o Continue aben\u00e7oando sempre e saiba que ser\u00e1s sempre bem vindo nos Cora\u00e7\u00f5es de todos os Diocesanos independentemente de Cidade ou Par\u00f3quia.\u201d<\/em><\/p>\n<p align=\"right\"><strong><i>Por Paulo Costa<\/i><\/strong><\/p>\n<p style=\"text-align: center;\">***<\/p>\n<p align=\"center\"><strong>Confira na Integra a Mensagem de Sua Excel\u00eancia Reverend\u00edssima o Bispo Diocesano Dom Mauro Montagnoli.<\/strong><em><\/em><\/p>\n<p align=\"center\"><em><b>MENSAGEM NA OUTORGA DO TITULO DE CIDAD\u00c3O ILHEENSE<\/b><\/em><\/p>\n<p align=\"center\"><em><b>05\/12\/2013 <\/b><\/em><\/p>\n<p align=\"center\"><!--more--><\/p>\n<p>\u00a0\u00a0\u00a0\u00a0\u00a0\u00a0\u00a0\u00a0 Senhor Presidente da C\u00e2mara dos Vereadores de Ilh\u00e9us, Dr. Josevaldo Viana Machado, e na sua pessoa sa\u00fado os demais vereadores presentes.<\/p>\n<p>Senhoras e senhores.<\/p>\n<p>Agrade\u00e7o ao vereador Luiz Carlos dos Santos que apresentou o projeto e \u00e0 Camara dos Vereadores que aprovou o mesmo concedendo-me o t\u00edtulo de cidad\u00e3o ilheense.<\/p>\n<p>N\u00e3o fui eu que escolhi vir para Ilh\u00e9us. \u201cN\u00e3o fostes v\u00f3s que me escolhestes, mas fui eu que vos escolhi e vos designei para irdes e produzirdes frutos\u201d (Jo 15,16). N\u00e3o somos n\u00f3s que escolhemos. Deus \u00e9 quem designa tudo. Foi Ele quem quis que eu viesse viver e trabalhar para o progresso do seu Reino nesta Igreja particular de Ilh\u00e9us. Foi ele que nos designou para vivermos como filhos e irm\u00e3os.<\/p>\n<p>Ao receber a comunica\u00e7\u00e3o de que o Santo Padre o Papa Jo\u00e3o Paulo II me havia nomeado bispo de Ilh\u00e9us senti, como S\u00e3o Paulo, \u201cfraqueza, receio e tremor\u201d (1Cor 2,3). Pensei na grande responsabilidade de ser bispo. Vi a dimens\u00e3o das minhas limita\u00e7\u00f5es. Rezei muito. Vieram-me \u00e0 mente v\u00e1rias passagens da B\u00edblia onde aparece clara a prote\u00e7\u00e3o de Deus para os que ele envia a uma miss\u00e3o especial. Deus disse ao profeta Jeremias: \u201cN\u00e3o temas diante deles, porque eu estou contigo para te salvar\u201d (Jr 1,8). Diz o salmista: \u201cO nosso aux\u00edlio est\u00e1 no nome do Senhor, do Senhor que fez o c\u00e9u e a terra<em>\u201d <\/em>(Sl 132,8).<\/p>\n<p>Cheguei a Ilh\u00e9us no dia 08 de mar\u00e7o de 1996. Vim cheio de \u00e2nimo e com muita disposi\u00e7\u00e3o para caminhar com este povo na constru\u00e7\u00e3o do Reino de Deus. Juntos temos procurado construir a comunh\u00e3o e fazer de tudo para que a mesma se fortale\u00e7a sempre mais entre n\u00f3s. A comunh\u00e3o \u00e9 a raz\u00e3o de ser do crist\u00e3o. \u201cEste \u00e9 o meu mandamento: amai-vos uns aos outros como eu vos amei\u201d (Jo 15,12)<em>.<\/em><\/p>\n<p>Tenho procurado ser fiel ao meu lema: Presidir \u00e9 Servir bem, inspirado no ensinamento de Santo Agostinho que disse: \u201c\u00c0 Igreja que me foi confiada, e da qual busco os interesses, quero nem tanto comandar mas antes servir\u201d. (Ep. 134, 1)<\/p>\n<p>O bispo deve estar no meio dos seus fi\u00e9is como aquele que serve, a exemplo do Divino Mestre que veio servir e n\u00e3o ser servido (cf. Mt 20,28). E serviu bem, at\u00e9 \u00e0 morte de cruz. (cf. Fl 2,10).<\/p>\n<p>Agrade\u00e7o de cora\u00e7\u00e3o os nossos queridos padres e leigos que procuram trabalhar e viver unidos na verdadeira comunh\u00e3o. Esta comunh\u00e3o de vida e de apostolado tem dado os seus frutos no afervoramento religioso e espiritual dos fi\u00e9is e no surgimento de voca\u00e7\u00f5es sacerdotais e religiosas.<\/p>\n<p>Agrade\u00e7o a todo o povo de Ilh\u00e9us que tem me apoiado nesse servi\u00e7o e que hoje me confere, atrav\u00e9s dos seus representantes legais, esse t\u00edtulo de cidad\u00e3o ilheense.\u00a0\u00a0\u00a0\u00a0\u00a0\u00a0\u00a0\u00a0 Ofere\u00e7o este t\u00edtulo a toda a Igreja Cat\u00f3lica na diocese de Ilh\u00e9us.<\/p>\n<p>Muito obrigado. Deus aben\u00e7oe a todos.<\/p>\n<p align=\"center\"><strong>Dom Mauro Montagnoli &#8211; <\/strong><em>Bispo diocesano de Ilh\u00e9us<\/em><\/p>\n","protected":false},"excerpt":{"rendered":"<p>Com uma Cerim\u00f4nia realizada no Audit\u00f3rio da Faculdade de Ilh\u00e9us, Dom Mauro Montagnoli, Bispo da Diocese de Ilh\u00e9us Natural de Ouro Fino \u2013 MG, recebeu das m\u00e3os do Vereador Luiz Carlos \u201cO Escuta\u201d o T\u00edtulo de Cidad\u00e3o Ilheense juntamente com v\u00e1rias outras pessoas que foram outorgadas com este t\u00edtulo proporcionado pela C\u00e2mara Municipal, dentre eles: [&hellip;]<\/p>\n","protected":false},"author":2,"featured_media":0,"comment_status":"open","ping_status":"open","sticky":false,"template":"","format":"standard","meta":{"_links_to":"","_links_to_target":""},"categories":[14],"tags":[],"_links":{"self":[{"href":"https:\/\/www.r2cpress.com.br\/v1\/wp-json\/wp\/v2\/posts\/76257"}],"collection":[{"href":"https:\/\/www.r2cpress.com.br\/v1\/wp-json\/wp\/v2\/posts"}],"about":[{"href":"https:\/\/www.r2cpress.com.br\/v1\/wp-json\/wp\/v2\/types\/post"}],"author":[{"embeddable":true,"href":"https:\/\/www.r2cpress.com.br\/v1\/wp-json\/wp\/v2\/users\/2"}],"replies":[{"embeddable":true,"href":"https:\/\/www.r2cpress.com.br\/v1\/wp-json\/wp\/v2\/comments?post=76257"}],"version-history":[{"count":1,"href":"https:\/\/www.r2cpress.com.br\/v1\/wp-json\/wp\/v2\/posts\/76257\/revisions"}],"predecessor-version":[{"id":76259,"href":"https:\/\/www.r2cpress.com.br\/v1\/wp-json\/wp\/v2\/posts\/76257\/revisions\/76259"}],"wp:attachment":[{"href":"https:\/\/www.r2cpress.com.br\/v1\/wp-json\/wp\/v2\/media?parent=76257"}],"wp:term":[{"taxonomy":"category","embeddable":true,"href":"https:\/\/www.r2cpress.com.br\/v1\/wp-json\/wp\/v2\/categories?post=76257"},{"taxonomy":"post_tag","embeddable":true,"href":"https:\/\/www.r2cpress.com.br\/v1\/wp-json\/wp\/v2\/tags?post=76257"}],"curies":[{"name":"wp","href":"https:\/\/api.w.org\/{rel}","templated":true}]}}