{"id":7626,"date":"2011-01-28T12:42:30","date_gmt":"2011-01-28T15:42:30","guid":{"rendered":"http:\/\/www.r2cpress.com.br\/v1\/?p=7626"},"modified":"2011-01-28T12:42:30","modified_gmt":"2011-01-28T15:42:30","slug":"jornespe-2011-acontece-em-sede-propria","status":"publish","type":"post","link":"https:\/\/www.r2cpress.com.br\/v1\/2011\/01\/28\/jornespe-2011-acontece-em-sede-propria\/","title":{"rendered":"JORNESPE 2011 ACONTECE EM SEDE PR\u00d3PRIA"},"content":{"rendered":"<p>O Centro Esp\u00edrita Porto da Esperan\u00e7a (CEPE) promove a sexta edi\u00e7\u00e3o da Jornada da Esperan\u00e7a (VI Jornespe), com o tema geral Espiritualiza\u00e7\u00e3o e Progresso da Humanidade. Os debates, este ano, acontecem de 03 a 06 de fevereiro em audit\u00f3rio pr\u00f3prio, na primeira etapa conclu\u00edda das obras de amplia\u00e7\u00e3o da sede da entidade que fica na Avenida Princesa Isabel, no 1321, em Ilh\u00e9us, no sul da Bahia.  A Jornespe tem entrada franca e, em atividade paralela ao evento, acontece tamb\u00e9m a IV Jornadinha da Esperan\u00e7a, evangeliza\u00e7\u00e3o infantil para crian\u00e7as a partir dos 3 anos de idade.<\/p>\n<p>Os oradores respons\u00e1veis pelos pain\u00e9is e palestras s\u00e3o Ary Quadros Teixeira (Itabuna-BA), Andr\u00e9 Henrique Siqueira (Bras\u00edlia-DF), Agnaldo Paviani (Votuporanga-SP), Ileana Azevedo de Mattos (Ilh\u00e9us-BA) e Lindomar Coutinho (Ilh\u00e9us-BA). A abertura acontece \u00e0s 20h da quinta-feira (03), com a palestra \u2018Espiritualiza\u00e7\u00e3o e Progresso da Humanidade\u2019. Na sexta-feira (04), tamb\u00e9m \u00e0s 20h, o tema apresentado ser\u00e1 \u2018Ci\u00eancia da informa\u00e7\u00e3o na era do esp\u00edrito\u2019.<\/p>\n<p><!--more--><\/p>\n<p>No s\u00e1bado (05), a programa\u00e7\u00e3o come\u00e7a pela manh\u00e3, \u00e0s 9h, com os pain\u00e9is \u2018Medicina Espiritual\u2019 e \u2018Dizer e fazer: rede mental\u2019; \u00e0 tarde, a partir das 14h, o primeiro tema \u00e9 \u2018Jesus e o mundo novo\u2019, depois, os pain\u00e9is \u2018Jesus e a filosofia do bem viver\u2019 e \u2018O homem, o progresso e a felicidade\u2019; \u00e0 noite, o tema da palestra trata das \u2018Buscas do homem e a ci\u00eancia do esp\u00edrito\u2019.  <\/p>\n<p>No domingo (06), a programa\u00e7\u00e3o tamb\u00e9m come\u00e7a pela manh\u00e3, \u00e0s 9h, com o painel \u2018renovando as atitudes: progresso interior\u2019 e, depois do intervalo, ser\u00e1 exposto o tema \u2018O conhece-te a ti mesmo como m\u00e9todo de espiritualiza\u00e7\u00e3o e progresso\u2019; \u00e0 tarde, o primeiro painel abordar\u00e1 a \u2018Espiritualiza\u00e7\u00e3o e cura\u2019, seguido do tema \u2018Conhecimento espiritual e crescimento interior\u2019. A Jornespe ser\u00e1 encerrada com uma palestra, \u00e0s 18h de domingo, abordando a \u2018Contribui\u00e7\u00e3o da filosofia esp\u00edrita para a humanidade\u2019. (Abaixo, curr\u00edculo dos palestrantes).<\/p>\n<p>Em: 27\/01\/11<\/p>\n<p>Contato para Marca\u00e7\u00e3o: Lindomar Coutinho 9983-8939<\/p>\n<p><strong>Palestrantes<\/strong><\/p>\n<p><strong>Ary Quadros Teixeira<\/strong><\/p>\n<p>Presidente do Grupo Esp\u00edrita Casa de Guar\u00e1, em Itabuna. Trabalhador do Centro Esp\u00edrita Porto da Esperan\u00e7a, em Ilh\u00e9us. Mestre Instalado, Grau 33 da Ma\u00e7onaria, e membro da Academia Ma\u00e7\u00f4nica de Letras. Membro do Instituto Brasileiro de Ci\u00eancias Criminais. Executivo aposentado do Banco do Brasil. Professor de Portugu\u00eas, de Direito Civil, de Direito e Psican\u00e1lise, de Orat\u00f3ria Jur\u00eddica e de Orat\u00f3ria e Marketing Pessoal. Advogado, com p\u00f3s-gradua\u00e7\u00e3o e Direito Processual Civil, em Psican\u00e1lise Cl\u00ednica e MBA em Gest\u00e3o da Comunica\u00e7\u00e3o pela Funda\u00e7\u00e3o Get\u00falio Vargas.<\/p>\n<p><strong>Andr\u00e9 Henrique Siqueira<\/strong><\/p>\n<p>Bacharel em Ci\u00eancias da Computa\u00e7\u00e3o, Professor e Palestrante Esp\u00edrita.<\/p>\n<p><strong>Agnaldo Paviani<\/strong><\/p>\n<p>Nasceu em lar Esp\u00edrita, aos 14 anos de idade assumiu a dire\u00e7\u00e3o da reuni\u00e3o medi\u00fanica do Centro Esp\u00edrita Caminho de Damasco, aos 15 anos assumiu a dire\u00e7\u00e3o da Associa\u00e7\u00e3o Beneficente Caminho de Damasco e aos 17 anos iniciou na divulga\u00e7\u00e3o da doutrina atrav\u00e9s das palestras e semin\u00e1rios. Dirigente da Associa\u00e7\u00e3o Beneficente Caminho de Damasco. Dirigente do C.C.I.J. Benedita Pimentel. M\u00e9dium Psic\u00f3grafo com 08 livros editados. Orador Esp\u00edrita. Destina toda renda arrecadada com a venda dos livros, CDs, DVDs \u00e0 manuten\u00e7\u00e3o do C.C.I.J. Benedita Pimentel que atende, atualmente, 150 crian\u00e7as e adolescentes, com cursos profissionalizantes, refor\u00e7o escolar, esportes e 04 refei\u00e7\u00f5es di\u00e1rias.<\/p>\n<p><strong>Ileana Azevedo de Mattos<\/strong><\/p>\n<p>Co-fundadora do Centro Esp\u00edrita Porto da Esperan\u00e7a e atual diretora, m\u00e9dium e expositora esp\u00edrita, coordenadora da \u00e1rea de Atendimento Fraterno do CEPE- Ilh\u00e9us &#8211; BA. Bacharel em Direito, professora de L\u00edngua Portuguesa com especializa\u00e7\u00e3o em Leitura, Interpreta\u00e7\u00e3o e Produ\u00e7\u00e3o de Textos e coordenadora pedag\u00f3gica do Col\u00e9gio Nossa Senhora da Vit\u00f3ria.<\/p>\n<p><strong>Lindomar Coutinho da Silva<\/strong><\/p>\n<p>Graduado em Filosofia com habilita\u00e7\u00e3o em Psicologia e Sociologia. Mestre em Educa\u00e7\u00e3o. Presidente do Centro Esp\u00edrita Porto da Esperan\u00e7a de Ilh\u00e9us. Palestrante Esp\u00edrita, no Brasil, Portugal e Espanha. Formador de Trabalhadores Esp\u00edritas. Obras Psicografadas: Porto da Esperan\u00e7a; Hist\u00f3rias Sobre o Tempo de Jesus; Sublime Liberta\u00e7\u00e3o: Levando Al\u00edvio; M\u00e9dium Conhece-te a ti Mesmo; Sa\u00fade em Plenitude \u2013 Projeto Melhorar-se.<\/p>\n","protected":false},"excerpt":{"rendered":"<p>O Centro Esp\u00edrita Porto da Esperan\u00e7a (CEPE) promove a sexta edi\u00e7\u00e3o da Jornada da Esperan\u00e7a (VI Jornespe), com o tema geral Espiritualiza\u00e7\u00e3o e Progresso da Humanidade. Os debates, este ano, acontecem de 03 a 06 de fevereiro em audit\u00f3rio pr\u00f3prio, na primeira etapa conclu\u00edda das obras de amplia\u00e7\u00e3o da sede da entidade que fica na [&hellip;]<\/p>\n","protected":false},"author":2,"featured_media":0,"comment_status":"open","ping_status":"open","sticky":false,"template":"","format":"standard","meta":{"_links_to":"","_links_to_target":""},"categories":[28],"tags":[],"_links":{"self":[{"href":"https:\/\/www.r2cpress.com.br\/v1\/wp-json\/wp\/v2\/posts\/7626"}],"collection":[{"href":"https:\/\/www.r2cpress.com.br\/v1\/wp-json\/wp\/v2\/posts"}],"about":[{"href":"https:\/\/www.r2cpress.com.br\/v1\/wp-json\/wp\/v2\/types\/post"}],"author":[{"embeddable":true,"href":"https:\/\/www.r2cpress.com.br\/v1\/wp-json\/wp\/v2\/users\/2"}],"replies":[{"embeddable":true,"href":"https:\/\/www.r2cpress.com.br\/v1\/wp-json\/wp\/v2\/comments?post=7626"}],"version-history":[{"count":2,"href":"https:\/\/www.r2cpress.com.br\/v1\/wp-json\/wp\/v2\/posts\/7626\/revisions"}],"predecessor-version":[{"id":7628,"href":"https:\/\/www.r2cpress.com.br\/v1\/wp-json\/wp\/v2\/posts\/7626\/revisions\/7628"}],"wp:attachment":[{"href":"https:\/\/www.r2cpress.com.br\/v1\/wp-json\/wp\/v2\/media?parent=7626"}],"wp:term":[{"taxonomy":"category","embeddable":true,"href":"https:\/\/www.r2cpress.com.br\/v1\/wp-json\/wp\/v2\/categories?post=7626"},{"taxonomy":"post_tag","embeddable":true,"href":"https:\/\/www.r2cpress.com.br\/v1\/wp-json\/wp\/v2\/tags?post=7626"}],"curies":[{"name":"wp","href":"https:\/\/api.w.org\/{rel}","templated":true}]}}