{"id":76404,"date":"2013-12-11T09:51:50","date_gmt":"2013-12-11T12:51:50","guid":{"rendered":"http:\/\/www.r2cpress.com.br\/v1\/?p=76404"},"modified":"2013-12-11T09:51:50","modified_gmt":"2013-12-11T12:51:50","slug":"coletivo-pontal-criativo-constroi-sua-identidade-visual-e-feira-criativa-sera-implantada-nos-proximos-dias-21-e-22-de-dezembro","status":"publish","type":"post","link":"https:\/\/www.r2cpress.com.br\/v1\/2013\/12\/11\/coletivo-pontal-criativo-constroi-sua-identidade-visual-e-feira-criativa-sera-implantada-nos-proximos-dias-21-e-22-de-dezembro\/","title":{"rendered":"COLETIVO PONTAL CRIATIVO CONSTR\u00d3I SUA IDENTIDADE VISUAL E FEIRA CRIATIVA SER\u00c1 IMPLANTADA NOS  PR\u00d3XIMOS DIAS 21 E 22 DE DEZEMBRO"},"content":{"rendered":"<p>Com a presen\u00e7a do prefeito Jabes Ribeiro e a primeira dama Adryana Ribeiro, secret\u00e1rios Alcides Kruschewsky e Antonio Vieira, SETUR\/SEMA,Claudiana Figueiredo coordenadora regional SEBRAE e assessoras Cl\u00e1udia Iglesia e Thatiana, al\u00e9m de in\u00fameros artistas do bairro, a atriz Janete Lainha, moradores e lideran\u00e7as do Pontal a exemplo do historiador Z\u00e9 Rezende, o coletivo Pontal Criativo realizou ontem no Sal\u00e3o Paroquial da Igreja S\u00e3o Jo\u00e3o Batista, reuni\u00e3o decisiva rumo \u00e0 implanta\u00e7\u00e3o da Feirinha Integrada de Artes e Neg\u00f3cios pr\u00f3ximos dia 21 e 22 de dezembro na pra\u00e7a do Pontal.<br \/>\n<div id=\"attachment_76408\" style=\"width: 560px\" class=\"wp-caption aligncenter\"><a href=\"http:\/\/www.r2cpress.com.br\/v1\/wp-content\/uploads\/design.jpg\"><img aria-describedby=\"caption-attachment-76408\" loading=\"lazy\" src=\"http:\/\/www.r2cpress.com.br\/v1\/wp-content\/uploads\/design.jpg\" alt=\"Pontal Criativo\" width=\"550\" height=\"494\" class=\"size-full wp-image-76408\" srcset=\"https:\/\/www.r2cpress.com.br\/v1\/wp-content\/uploads\/design.jpg 550w, https:\/\/www.r2cpress.com.br\/v1\/wp-content\/uploads\/design-300x269.jpg 300w\" sizes=\"(max-width: 550px) 100vw, 550px\" \/><\/a><p id=\"caption-attachment-76408\" class=\"wp-caption-text\">Pontal Criativo<\/p><\/div><\/p>\n<p>Na ocasi\u00e3o o designer Chico Passos apresentou as propostas para montagem da marca definitiva PONTAL CRIATIVO sendo que as duas propostas de maior agrado para o p\u00fablico presente foram a de uma vela de saveiro estilizada, remetendo aos prim\u00f3rdios do bairro do Pontal que teve origem em uma aldeia de pescadores vindos da costa do Sau\u00edpe e uma outra segunda proposta ilustrando o logo da ba\u00eda do Pontal. O designer Chico Passos ficou de apresentar a marca definitiva at\u00e9 esse final de semana.<\/p>\n<p><div id=\"attachment_76407\" style=\"width: 560px\" class=\"wp-caption aligncenter\"><a href=\"http:\/\/www.r2cpress.com.br\/v1\/wp-content\/uploads\/design-pontal-criativo.jpg\"><img aria-describedby=\"caption-attachment-76407\" loading=\"lazy\" class=\"size-full wp-image-76407\" alt=\"Pontal Criativo\" src=\"http:\/\/www.r2cpress.com.br\/v1\/wp-content\/uploads\/design-pontal-criativo.jpg\" width=\"550\" height=\"323\" srcset=\"https:\/\/www.r2cpress.com.br\/v1\/wp-content\/uploads\/design-pontal-criativo.jpg 550w, https:\/\/www.r2cpress.com.br\/v1\/wp-content\/uploads\/design-pontal-criativo-300x176.jpg 300w\" sizes=\"(max-width: 550px) 100vw, 550px\" \/><\/a><p id=\"caption-attachment-76407\" class=\"wp-caption-text\">Pontal Criativo<\/p><\/div><br \/>\nCom a leitura da ata da \u00faltima reuni\u00e3o do coletivo a sra. Claudiana Figueiredo repassou os itens que tinham ficado sob a responsabilidade do coletivo Pontal Criativo a respeito da montagem das parcerias, tendo sido verificado as provid\u00eancias j\u00e1 tomadas envolvendo a defini\u00e7\u00e3o de infra-estrutura, ilumina\u00e7\u00e3o, som na pra\u00e7a, instala\u00e7\u00e3o de Wi Fi para transmiss\u00f5es do evento ao vivo,banheiros qu\u00edmicos, limpeza da pra\u00e7a, interdi\u00e7\u00e3o do tr\u00e1fego de ve\u00edculos e seguran\u00e7a p\u00fablica com policiamento ostensivo e a apresenta\u00e7\u00e3o das v\u00e1rias atra\u00e7\u00f5es art\u00edsticas, a exemplo do cantador do sert\u00e3o Carlos Silva, populares, grupos de teatro, declama\u00e7\u00e3o de poesias e a realiza\u00e7\u00e3o de oficinas de arte, assim como o radialista Ciro Zatele da FM Conquista transmitir\u00e1 o seu programa radiof\u00f4nico da pr\u00f3pria Feira Criativa do Pontal.<\/p>\n<p>Ficou definida a participa\u00e7\u00e3o dos expositores em mini-cursos SEBRAE sobre forma\u00e7\u00e3o de pre\u00e7os, higiene de alimentos, arruma\u00e7\u00e3o dos stands etc. sendo que esses cursos ter\u00e3o in\u00edcio a partir de segunda feira 15\/12 \u00e0 noite no hor\u00e1rio das 19 hs.<\/p>\n<p>A feirinha ter\u00e1 um total de 20 stands e ter\u00e1 um total de 40 expositores, dois por barraca com produtos afins e os empreendedores ficar\u00e3o respons\u00e1veis pela limpeza e conserva\u00e7\u00e3o do espa\u00e7o, com a coloca\u00e7\u00e3o de lixeiras, tampo do balc\u00e3o exposi\u00e7\u00e3o e exposi\u00e7\u00e3o de sua produ\u00e7\u00e3o art\u00edstica ou itens gastron\u00f4micos. No lan\u00e7amento da feirinha ser\u00e3o homenageados moradores antigos do bairro e suas respectivas fam\u00edlias, Z\u00e9 Rezende, o nosso cronista, j\u00e1 est\u00e1 preparando a lista de homenageados.<\/p>\n<p>Essa proposta de tornar Pontal um bairro criativo conta com a ades\u00e3o entusiasmada dos moradores do bairro, al\u00e9m de toda a boa vontade e interesse que o prefeito Jabes Ribeiro e sua equipe de Secret\u00e1rios v\u00eam demonstrando, comparecendo a todas as reuni\u00f5es do grupo e sempre informando sobre projetos importantes que est\u00e3o sendo viabilizados para Ilh\u00e9us, tendo ontem convidado todo o coletivo Pontal Criativo presente \u00e0 reuni\u00e3o para comparecerem hoje ao lan\u00e7amento do novo projeto de requalifica\u00e7\u00e3o da Central de Abastecimento do Malhado, uma obra que custar\u00e1 ao governo estadual a cifra de 33 milh\u00f5es de reais por interm\u00e9dio da CAR \u00f3rg\u00e3o dirigido por Vivaldo Mendon\u00e7a ilheense da gema.<\/p>\n<p>&#8212;<br \/>\nAbobreira.<\/p>\n","protected":false},"excerpt":{"rendered":"<p>Com a presen\u00e7a do prefeito Jabes Ribeiro e a primeira dama Adryana Ribeiro, secret\u00e1rios Alcides Kruschewsky e Antonio Vieira, SETUR\/SEMA,Claudiana Figueiredo coordenadora regional SEBRAE e assessoras Cl\u00e1udia Iglesia e Thatiana, al\u00e9m de in\u00fameros artistas do bairro, a atriz Janete Lainha, moradores e lideran\u00e7as do Pontal a exemplo do historiador Z\u00e9 Rezende, o coletivo Pontal Criativo [&hellip;]<\/p>\n","protected":false},"author":2,"featured_media":0,"comment_status":"open","ping_status":"open","sticky":false,"template":"","format":"standard","meta":{"_links_to":"","_links_to_target":""},"categories":[28],"tags":[],"_links":{"self":[{"href":"https:\/\/www.r2cpress.com.br\/v1\/wp-json\/wp\/v2\/posts\/76404"}],"collection":[{"href":"https:\/\/www.r2cpress.com.br\/v1\/wp-json\/wp\/v2\/posts"}],"about":[{"href":"https:\/\/www.r2cpress.com.br\/v1\/wp-json\/wp\/v2\/types\/post"}],"author":[{"embeddable":true,"href":"https:\/\/www.r2cpress.com.br\/v1\/wp-json\/wp\/v2\/users\/2"}],"replies":[{"embeddable":true,"href":"https:\/\/www.r2cpress.com.br\/v1\/wp-json\/wp\/v2\/comments?post=76404"}],"version-history":[{"count":3,"href":"https:\/\/www.r2cpress.com.br\/v1\/wp-json\/wp\/v2\/posts\/76404\/revisions"}],"predecessor-version":[{"id":76409,"href":"https:\/\/www.r2cpress.com.br\/v1\/wp-json\/wp\/v2\/posts\/76404\/revisions\/76409"}],"wp:attachment":[{"href":"https:\/\/www.r2cpress.com.br\/v1\/wp-json\/wp\/v2\/media?parent=76404"}],"wp:term":[{"taxonomy":"category","embeddable":true,"href":"https:\/\/www.r2cpress.com.br\/v1\/wp-json\/wp\/v2\/categories?post=76404"},{"taxonomy":"post_tag","embeddable":true,"href":"https:\/\/www.r2cpress.com.br\/v1\/wp-json\/wp\/v2\/tags?post=76404"}],"curies":[{"name":"wp","href":"https:\/\/api.w.org\/{rel}","templated":true}]}}