{"id":76520,"date":"2013-12-13T13:11:37","date_gmt":"2013-12-13T16:11:37","guid":{"rendered":"http:\/\/www.r2cpress.com.br\/v1\/?p=76520"},"modified":"2013-12-13T13:11:37","modified_gmt":"2013-12-13T16:11:37","slug":"sabado-animado-em-ilheus-com-palhasseata-e-conto-e-cantigas","status":"publish","type":"post","link":"https:\/\/www.r2cpress.com.br\/v1\/2013\/12\/13\/sabado-animado-em-ilheus-com-palhasseata-e-conto-e-cantigas\/","title":{"rendered":"S\u00e1bado animado em Ilh\u00e9us com Palhasseata e Conto e Cantigas"},"content":{"rendered":"<p>A irrever\u00eancia e a ludicidade tomam conta deste s\u00e1bado (14), na Tenda Teatro Popular de Ilh\u00e9us (TPI). Pela manh\u00e3, o Grupo Teatro\/ Circo Maktub realiza a III Palhasseata, saindo do espa\u00e7o cultural \u00e0s 9 horas para percorrer as ruas do com\u00e9rcio. O cortejo terminar\u00e1 em frente ao Teatro Municipal. E \u00e0s 16 horas, as crian\u00e7as poder\u00e3o soltar a imagina\u00e7\u00e3o no <i>Conto e Cantigas<\/i>, projeto de conta\u00e7\u00e3o de hist\u00f3rias da Biblioteca Jorge de Souza Ara\u00fajo, implantada nas depend\u00eancias da Tenda.<\/p>\n<div id=\"attachment_76521\" style=\"width: 560px\" class=\"wp-caption aligncenter\"><a href=\"http:\/\/www.r2cpress.com.br\/v1\/wp-content\/uploads\/II-Palhasseata-de-Ilh\u00e9us-foto-Karoline-Vital-01.jpg\"><img aria-describedby=\"caption-attachment-76521\" loading=\"lazy\" class=\"size-full wp-image-76521\" alt=\"II Palhasseata de Ilh\u00e9us - foto Karoline Vital.\" src=\"http:\/\/www.r2cpress.com.br\/v1\/wp-content\/uploads\/II-Palhasseata-de-Ilh\u00e9us-foto-Karoline-Vital-01.jpg\" width=\"550\" height=\"413\" srcset=\"https:\/\/www.r2cpress.com.br\/v1\/wp-content\/uploads\/II-Palhasseata-de-Ilh\u00e9us-foto-Karoline-Vital-01.jpg 550w, https:\/\/www.r2cpress.com.br\/v1\/wp-content\/uploads\/II-Palhasseata-de-Ilh\u00e9us-foto-Karoline-Vital-01-300x225.jpg 300w\" sizes=\"(max-width: 550px) 100vw, 550px\" \/><\/a><p id=\"caption-attachment-76521\" class=\"wp-caption-text\">II Palhasseata de Ilh\u00e9us &#8211; foto Karoline Vital.<\/p><\/div>\n<p>A III Palhasseata de Ilh\u00e9us \u00e9 uma comemora\u00e7\u00e3o ao dia do palha\u00e7o, celebrado em 10 de dezembro. Ao longo do percurso, ser\u00e3o apresentados n\u00fameros c\u00f4micos e circenses. A atra\u00e7\u00e3o final ser\u00e1 um esquete que far\u00e1 uma retrospectiva da onda de protestos que assolou o Brasil. A prepara\u00e7\u00e3o do evento incluiu oficinas sobre palha\u00e7aria, realizadas na Tenda TPI com apoio do Projeto de Extens\u00e3o Teatro Popular e Interculturalidade da Universidade Estadual de Santa Cruz.<\/p>\n<p>Entre artistas profissionais e amadores de Ilh\u00e9us, Itabuna e Serra Grande, j\u00e1 confirmaram presen\u00e7a os grupos Teatro Popular de Ilh\u00e9us, Cia. Casa Aberta de Teatro, Express\u00e3o Cultural, Cia de Teatro Mistura, Circo da Lua e Circo Show Brasil. Para participar da festa, basta colocar um nariz vermelho e doar um brinquedo para o evento natalino realizado pelo Palha\u00e7o Ling\u00fci\u00e7a, no bairro S\u00e3o Pedro, em Itabuna.<\/p>\n<p>A III Palhasseata conta com patroc\u00ednio de Escola Criativa, Imapel e Barrak\u00edtika. O evento tem apoio do Espa\u00e7o Tia R\u00f3, Armarinho Guimar\u00e3es, Bir\u00f4 Impress\u00f5es, APPI, Secretaria de Cultura de Ilh\u00e9us, Globo Festas, Armarinho Ponto 5, Banca de Revista do Com\u00e9rcio, BB Suco, Casa Brasil, Bataclan, Chapeuzinho Vermelho e Instituto Nossa Ilh\u00e9us. A iniciativa ainda recebe colabora\u00e7\u00f5es de Challoub, Brilhante Presentes e Ceo Modas.<\/p>\n<p>Depois de celebrar o riso, todos est\u00e3o convidados para o do <i>Conto e Cantigas<\/i>, que trar\u00e1 Luciene Nunes e M\u00e1rcia Mascarenhas conduzindo as hist\u00f3rias. O m\u00fasico Elielton Cabe\u00e7a fica respons\u00e1vel pela m\u00fasica e efeitos sonoros. Assim como o Cart\u00e3o TPI para os adultos, as crian\u00e7as poder\u00e3o participar de atividades exclusivas, ter 10% de desconto em cursos e oficinas e concorrer a brindes em cada encontro. Basta se associar ao <i>Clubinho Conto e Cantigas, <\/i>cuja taxa de ades\u00e3o \u00e9 de R$15.<\/p>\n","protected":false},"excerpt":{"rendered":"<p>A irrever\u00eancia e a ludicidade tomam conta deste s\u00e1bado (14), na Tenda Teatro Popular de Ilh\u00e9us (TPI). Pela manh\u00e3, o Grupo Teatro\/ Circo Maktub realiza a III Palhasseata, saindo do espa\u00e7o cultural \u00e0s 9 horas para percorrer as ruas do com\u00e9rcio. O cortejo terminar\u00e1 em frente ao Teatro Municipal. E \u00e0s 16 horas, as crian\u00e7as [&hellip;]<\/p>\n","protected":false},"author":2,"featured_media":0,"comment_status":"open","ping_status":"open","sticky":false,"template":"","format":"standard","meta":{"_links_to":"","_links_to_target":""},"categories":[5],"tags":[],"_links":{"self":[{"href":"https:\/\/www.r2cpress.com.br\/v1\/wp-json\/wp\/v2\/posts\/76520"}],"collection":[{"href":"https:\/\/www.r2cpress.com.br\/v1\/wp-json\/wp\/v2\/posts"}],"about":[{"href":"https:\/\/www.r2cpress.com.br\/v1\/wp-json\/wp\/v2\/types\/post"}],"author":[{"embeddable":true,"href":"https:\/\/www.r2cpress.com.br\/v1\/wp-json\/wp\/v2\/users\/2"}],"replies":[{"embeddable":true,"href":"https:\/\/www.r2cpress.com.br\/v1\/wp-json\/wp\/v2\/comments?post=76520"}],"version-history":[{"count":2,"href":"https:\/\/www.r2cpress.com.br\/v1\/wp-json\/wp\/v2\/posts\/76520\/revisions"}],"predecessor-version":[{"id":76523,"href":"https:\/\/www.r2cpress.com.br\/v1\/wp-json\/wp\/v2\/posts\/76520\/revisions\/76523"}],"wp:attachment":[{"href":"https:\/\/www.r2cpress.com.br\/v1\/wp-json\/wp\/v2\/media?parent=76520"}],"wp:term":[{"taxonomy":"category","embeddable":true,"href":"https:\/\/www.r2cpress.com.br\/v1\/wp-json\/wp\/v2\/categories?post=76520"},{"taxonomy":"post_tag","embeddable":true,"href":"https:\/\/www.r2cpress.com.br\/v1\/wp-json\/wp\/v2\/tags?post=76520"}],"curies":[{"name":"wp","href":"https:\/\/api.w.org\/{rel}","templated":true}]}}