{"id":7653,"date":"2011-01-28T17:35:38","date_gmt":"2011-01-28T20:35:38","guid":{"rendered":"http:\/\/www.r2cpress.com.br\/v1\/?p=7653"},"modified":"2011-01-28T17:35:38","modified_gmt":"2011-01-28T20:35:38","slug":"vereadores-juntos-com-a-equipe-do-samu-por-melhores-condicoes-de-trabalhos-e-beneficios","status":"publish","type":"post","link":"https:\/\/www.r2cpress.com.br\/v1\/2011\/01\/28\/vereadores-juntos-com-a-equipe-do-samu-por-melhores-condicoes-de-trabalhos-e-beneficios\/","title":{"rendered":"Vereadores juntos com a equipe do SAMU por melhores condi\u00e7\u00f5es de trabalhos e benef\u00edcios"},"content":{"rendered":"<p><a href=\"http:\/\/www.r2cpress.com.br\/v1\/wp-content\/uploads\/Reuni\u00e3o-entre-vereadores-prefeito-Newton-Lima-representantes-do-SAMU-e-Sindicato-dos-M\u00e9dicos.jpg\"><img loading=\"lazy\" src=\"http:\/\/www.r2cpress.com.br\/v1\/wp-content\/uploads\/Reuni\u00e3o-entre-vereadores-prefeito-Newton-Lima-representantes-do-SAMU-e-Sindicato-dos-M\u00e9dicos-300x225.jpg\" alt=\"\" title=\"Reuni\u00e3o entre vereadores, prefeito Newton Lima, representantes do SAMU e Sindicato dos M\u00e9dicos\" width=\"300\" height=\"225\" class=\"alignleft size-medium wp-image-7654\" srcset=\"https:\/\/www.r2cpress.com.br\/v1\/wp-content\/uploads\/Reuni\u00e3o-entre-vereadores-prefeito-Newton-Lima-representantes-do-SAMU-e-Sindicato-dos-M\u00e9dicos-300x225.jpg 300w, https:\/\/www.r2cpress.com.br\/v1\/wp-content\/uploads\/Reuni\u00e3o-entre-vereadores-prefeito-Newton-Lima-representantes-do-SAMU-e-Sindicato-dos-M\u00e9dicos.jpg 700w\" sizes=\"(max-width: 300px) 100vw, 300px\" \/><\/a>O presidente da C\u00e2mara de Vereadores de Ilh\u00e9us, Edivaldo Nascimento (Dinho G\u00e1s), com a bancada de oposi\u00e7\u00e3o composta pelos edis, Alzim\u00e1rio Belmonte (Professor Gurita), Jailson Nascimento, Tarc\u00edsio Paix\u00e3o, Gilberto Souza (Bel do Vilela), Reynaldo Oliveira (Z\u00e9 Neguinho) e Valmir Freitas, estiveram no Pal\u00e1cio Paranagu\u00e1 reunidos com o prefeito Newton Lima e o Dr. Theobaldo Magalh\u00e3es (Dir. Sindmed\/Ba) na oportunidade debateram as condi\u00e7\u00f5es atuais dos trabalhadores da unidade de atendimento do SAMU de Ilh\u00e9us. O doutor Theobaldo afirmou que o secret\u00e1rio de sa\u00fade do Estado, Jorge Sola, tem o conhecimento das dificuldades enfrentadas pelo SAMU de Ilh\u00e9us e que o secret\u00e1rio municipal de sa\u00fade, Jorge Arouca, estava em Salvador debatendo dentre outras coisas as dificuldades do SAMU que tem apenas uma viatura nova e as demais j\u00e1 est\u00e3o sucateadas e precisando de in\u00fameros reparos, com isso o risco enfrentado no dia dia \u00e9 grande.<\/p>\n<p><!--more--><\/p>\n<p>S\u00e3o 14 m\u00e9dicos que trabalham atualmente no SAMU, os quais reivindicam f\u00e9rias vencidas, repasses do INSS que foram recolhidos e n\u00e3o repassados, al\u00e9m de problemas com o FGTS que n\u00e3o \u00e9 depositado e gera a insatisfa\u00e7\u00e3o da classe. O medico Archibaldo Barreto, disse que reuni\u00e3o como essa j\u00e1 havia sido realizada em abril de 2010 e que o Munic\u00edpio n\u00e3o cumpriu com o que havia sido firmado, segundo o m\u00e9dico a reuni\u00e3o foi liderada pelo prefeito em exerc\u00edcio na ocasi\u00e3o Mario Alexandre. O mesmo ainda prometeu brigar pelo INSS de todos os servidores que vem sendo recolhido e n\u00e3o \u00e9 repassado.<\/p>\n<p>J\u00e1 o prefeito Newton lima, afirmou que s\u00f3 poder\u00e1 falar em aumento quando o secretario Arouca chegar de viagem, onde os mesmos tamb\u00e9m estudar\u00e3o a gratifica\u00e7\u00e3o de emerg\u00eancia, j\u00e1 a insalubridade ser\u00e1 de acordo com o estudo apresentado pelo perito da \u00e1rea de sa\u00fade e com acompanhamento de um perito assistente que faz parte do sindicato dos m\u00e9dicos. Newton Lima ainda  informou que as f\u00e9rias ser\u00e3o quitada a partir de mar\u00e7o, sendo quatro parcelas para o primeiro grupo  e outras quatro para o segundo grupo, cada grupo ter\u00e1 sete m\u00e9dicos. O prefeito disse ainda que ainda que existem problemas com o INSS, FGTS e o Minist\u00e9rio Publico j\u00e1 entrou com uma a\u00e7\u00e3o contra o Munic\u00edpio.<\/p>\n<p>Segundo o vereador Jailson Nascimento, os vereadores do grupo de oposi\u00e7\u00e3o estar\u00e3o sempre a disposi\u00e7\u00e3o dos trabalhadores e que iniciativas como esta servem para buscar melhorias e fazer com que o povo veja o empenho dos vereadores na luta por uma Ilh\u00e9us melhor. <\/p>\n","protected":false},"excerpt":{"rendered":"<p>O presidente da C\u00e2mara de Vereadores de Ilh\u00e9us, Edivaldo Nascimento (Dinho G\u00e1s), com a bancada de oposi\u00e7\u00e3o composta pelos edis, Alzim\u00e1rio Belmonte (Professor Gurita), Jailson Nascimento, Tarc\u00edsio Paix\u00e3o, Gilberto Souza (Bel do Vilela), Reynaldo Oliveira (Z\u00e9 Neguinho) e Valmir Freitas, estiveram no Pal\u00e1cio Paranagu\u00e1 reunidos com o prefeito Newton Lima e o Dr. Theobaldo Magalh\u00e3es [&hellip;]<\/p>\n","protected":false},"author":2,"featured_media":0,"comment_status":"open","ping_status":"open","sticky":false,"template":"","format":"standard","meta":{"_links_to":"","_links_to_target":""},"categories":[22],"tags":[],"_links":{"self":[{"href":"https:\/\/www.r2cpress.com.br\/v1\/wp-json\/wp\/v2\/posts\/7653"}],"collection":[{"href":"https:\/\/www.r2cpress.com.br\/v1\/wp-json\/wp\/v2\/posts"}],"about":[{"href":"https:\/\/www.r2cpress.com.br\/v1\/wp-json\/wp\/v2\/types\/post"}],"author":[{"embeddable":true,"href":"https:\/\/www.r2cpress.com.br\/v1\/wp-json\/wp\/v2\/users\/2"}],"replies":[{"embeddable":true,"href":"https:\/\/www.r2cpress.com.br\/v1\/wp-json\/wp\/v2\/comments?post=7653"}],"version-history":[{"count":2,"href":"https:\/\/www.r2cpress.com.br\/v1\/wp-json\/wp\/v2\/posts\/7653\/revisions"}],"predecessor-version":[{"id":7656,"href":"https:\/\/www.r2cpress.com.br\/v1\/wp-json\/wp\/v2\/posts\/7653\/revisions\/7656"}],"wp:attachment":[{"href":"https:\/\/www.r2cpress.com.br\/v1\/wp-json\/wp\/v2\/media?parent=7653"}],"wp:term":[{"taxonomy":"category","embeddable":true,"href":"https:\/\/www.r2cpress.com.br\/v1\/wp-json\/wp\/v2\/categories?post=7653"},{"taxonomy":"post_tag","embeddable":true,"href":"https:\/\/www.r2cpress.com.br\/v1\/wp-json\/wp\/v2\/tags?post=7653"}],"curies":[{"name":"wp","href":"https:\/\/api.w.org\/{rel}","templated":true}]}}