{"id":76534,"date":"2013-12-13T13:58:24","date_gmt":"2013-12-13T16:58:24","guid":{"rendered":"http:\/\/www.r2cpress.com.br\/v1\/?p=76534"},"modified":"2013-12-13T13:58:24","modified_gmt":"2013-12-13T16:58:24","slug":"primeira-edicao-da-feira-criativa-do-pontal-ocorre-nos-dias-21-e-22-deste-mes","status":"publish","type":"post","link":"https:\/\/www.r2cpress.com.br\/v1\/2013\/12\/13\/primeira-edicao-da-feira-criativa-do-pontal-ocorre-nos-dias-21-e-22-deste-mes\/","title":{"rendered":"Primeira edi\u00e7\u00e3o da Feira Criativa do Pontal ocorre nos dias 21 e 22 deste m\u00eas"},"content":{"rendered":"<p><em>A feira vai ocorrer na Pra\u00e7a S\u00e3o Jo\u00e3o Batista com 20 estandes e 40 expositores, que ficar\u00e3o respons\u00e1veis pela limpeza e pela conserva\u00e7\u00e3o do espa\u00e7o.<\/em><br \/>\n<div id=\"attachment_76535\" style=\"width: 560px\" class=\"wp-caption aligncenter\"><a href=\"http:\/\/www.r2cpress.com.br\/v1\/wp-content\/uploads\/marca-pontal-criativo_LOGO.jpg\"><img aria-describedby=\"caption-attachment-76535\" loading=\"lazy\" src=\"http:\/\/www.r2cpress.com.br\/v1\/wp-content\/uploads\/marca-pontal-criativo_LOGO.jpg\" alt=\"PONTAL .\" width=\"550\" height=\"311\" class=\"size-full wp-image-76535\" srcset=\"https:\/\/www.r2cpress.com.br\/v1\/wp-content\/uploads\/marca-pontal-criativo_LOGO.jpg 550w, https:\/\/www.r2cpress.com.br\/v1\/wp-content\/uploads\/marca-pontal-criativo_LOGO-300x169.jpg 300w\" sizes=\"(max-width: 550px) 100vw, 550px\" \/><\/a><p id=\"caption-attachment-76535\" class=\"wp-caption-text\">PONTAL .<\/p><\/div><\/p>\n<p>Nos dias 21 e 22 deste m\u00eas (s\u00e1bado e domingo), ser\u00e1 realizada na Pra\u00e7a S\u00e3o Jo\u00e3o Batista, localizada no Bairro do Pontal, na zona sul da cidade, a primeira edi\u00e7\u00e3o da Feira Integrada de Artes e Neg\u00f3cios. As datas foram definidas durante reuni\u00e3o ocorrida na noite da ter\u00e7a-feira, dia 10, no sal\u00e3o paroquial da Igreja S\u00e3o Jo\u00e3o Batista. Al\u00e9m de representantes da comunidade local, o encontro foi prestigiado pelo prefeito Jabes Ribeiro, a primeira-dama do munic\u00edpio, Adryana Ribeiro, os secret\u00e1rios municipais de Turismo, Alcides Kruschewsky, e de Meio Ambiente, Ant\u00f4nio Vieira, a coordenadora regional do Sebrae, Claudiana Figueiredo, e o ex-vice-prefeito do munic\u00edpio e representante do Movimento Pontalense de Cidadania, Henrique Abobreira.<\/p>\n<p>Durante a reuni\u00e3o, tamb\u00e9m ficou definida a participa\u00e7\u00e3o dos expositores da feira criativa em minicursos do Servi\u00e7o Brasileiro de Apoio \u00e0s Micro e Pequenas Empresas (Sebrae) sobre forma\u00e7\u00e3o de pre\u00e7os, higiene de alimentos e arruma\u00e7\u00e3o de estandes, entre outros. Os respectivos cursos ter\u00e3o in\u00edcio na pr\u00f3xima segunda-feira, dia 16, sempre a partir das 19 horas. De acordo com o projeto inicial, al\u00e9m de 20 estandes, a feira contar\u00e1 com 40 expositores, que ficar\u00e3o respons\u00e1veis pela limpeza e pela conserva\u00e7\u00e3o do espa\u00e7o.<\/p>\n<p><!--more--><\/p>\n<p>Abobreira reiterou que a proposta de tornar o Pontal um bairro criativo conta com a ades\u00e3o entusiasmada dos moradores locais. \u201cNesse ponto, tamb\u00e9m n\u00e3o posso deixar de ressaltar, o apoio incondicional do prefeito Jabes Ribeiro e de todo o seu secretariado. A maior prova disso \u00e9 que, em todas as reuni\u00f5es realizadas at\u00e9 aqui, sempre tivemos a presen\u00e7a de representantes do Executivo municipal\u201d, completa, acrescentando que, no lan\u00e7amento da Feira Integrada de Artes e Neg\u00f3cios, ser\u00e3o homenageados alguns dos moradores mais antigos do bairro e suas respectivas fam\u00edlias.<\/p>\n<p>Pontal Criativo &#8211; A Feira Integrada de Artes e Neg\u00f3cios \u00e9 parte de um projeto maior que visa transformar o Pontal em um bairro criativo. Al\u00e9m da feira, o projeto tamb\u00e9m contempla a reforma completa da Pra\u00e7a S\u00e3o Jo\u00e3o Batista, uma das mais importantes e tradicionais da cidade. A interven\u00e7\u00e3o est\u00e1 sob a responsabilidade do Grupo Cidadelle, que aderiu ao programa \u201cAdote uma Pra\u00e7a\u201d, institu\u00eddo pelo prefeito Jabes Ribeiro. A recupera\u00e7\u00e3o da pra\u00e7a obedecer\u00e1 a projeto da arquiteta Simone Flores, que possui um escrit\u00f3rio no bairro e aceitou a formata\u00e7\u00e3o de uma parceria, doando a planta arquitet\u00f4nica.<\/p>\n<p>Em praticamente todas as reuni\u00f5es anteriores, a coordenadora regional do Sebrae, Claudiana Figueiredo, explicou que a concep\u00e7\u00e3o de \u2018Bairro Criativo\u2019 passa pela capacidade da popula\u00e7\u00e3o identificar seus problemas e encontrar solu\u00e7\u00f5es \u2018de forma criativa\u2019. \u201cOs conceitos de bairro criativo e de economia criativa apresentam o desenvolvimento econ\u00f4mico sustent\u00e1vel calcado no talento das pessoas, realidade que, sem d\u00favida alguma, amplifica as in\u00fameras oportunidades de emprego e renda\u201d, afirma. Com apoio da Prefeitura de Ilh\u00e9us, atrav\u00e9s de suas diversas secretarias, e do Sebrae, que subsidiar\u00e1 tecnicamente a iniciativa, o projeto est\u00e1 sendo realizado pela pr\u00f3pria popula\u00e7\u00e3o do bairro do Pontal.<\/p>\n","protected":false},"excerpt":{"rendered":"<p>A feira vai ocorrer na Pra\u00e7a S\u00e3o Jo\u00e3o Batista com 20 estandes e 40 expositores, que ficar\u00e3o respons\u00e1veis pela limpeza e pela conserva\u00e7\u00e3o do espa\u00e7o. Nos dias 21 e 22 deste m\u00eas (s\u00e1bado e domingo), ser\u00e1 realizada na Pra\u00e7a S\u00e3o Jo\u00e3o Batista, localizada no Bairro do Pontal, na zona sul da cidade, a primeira edi\u00e7\u00e3o [&hellip;]<\/p>\n","protected":false},"author":2,"featured_media":0,"comment_status":"open","ping_status":"open","sticky":false,"template":"","format":"standard","meta":{"_links_to":"","_links_to_target":""},"categories":[28],"tags":[],"_links":{"self":[{"href":"https:\/\/www.r2cpress.com.br\/v1\/wp-json\/wp\/v2\/posts\/76534"}],"collection":[{"href":"https:\/\/www.r2cpress.com.br\/v1\/wp-json\/wp\/v2\/posts"}],"about":[{"href":"https:\/\/www.r2cpress.com.br\/v1\/wp-json\/wp\/v2\/types\/post"}],"author":[{"embeddable":true,"href":"https:\/\/www.r2cpress.com.br\/v1\/wp-json\/wp\/v2\/users\/2"}],"replies":[{"embeddable":true,"href":"https:\/\/www.r2cpress.com.br\/v1\/wp-json\/wp\/v2\/comments?post=76534"}],"version-history":[{"count":2,"href":"https:\/\/www.r2cpress.com.br\/v1\/wp-json\/wp\/v2\/posts\/76534\/revisions"}],"predecessor-version":[{"id":76537,"href":"https:\/\/www.r2cpress.com.br\/v1\/wp-json\/wp\/v2\/posts\/76534\/revisions\/76537"}],"wp:attachment":[{"href":"https:\/\/www.r2cpress.com.br\/v1\/wp-json\/wp\/v2\/media?parent=76534"}],"wp:term":[{"taxonomy":"category","embeddable":true,"href":"https:\/\/www.r2cpress.com.br\/v1\/wp-json\/wp\/v2\/categories?post=76534"},{"taxonomy":"post_tag","embeddable":true,"href":"https:\/\/www.r2cpress.com.br\/v1\/wp-json\/wp\/v2\/tags?post=76534"}],"curies":[{"name":"wp","href":"https:\/\/api.w.org\/{rel}","templated":true}]}}