{"id":76648,"date":"2013-12-16T14:17:49","date_gmt":"2013-12-16T17:17:49","guid":{"rendered":"http:\/\/www.r2cpress.com.br\/v1\/?p=76648"},"modified":"2013-12-16T14:17:49","modified_gmt":"2013-12-16T17:17:49","slug":"final-de-semana-movimentado-na-tenda-teatro-popular-de-ilheus","status":"publish","type":"post","link":"https:\/\/www.r2cpress.com.br\/v1\/2013\/12\/16\/final-de-semana-movimentado-na-tenda-teatro-popular-de-ilheus\/","title":{"rendered":"Final de Semana movimentado  na Tenda Teatro Popular de Ilh\u00e9us"},"content":{"rendered":"<div>\u00a0\u00a0\u00a0\u00a0\u00a0\u00a0\u00a0\u00a0\u00a0\u00a0\u00a0\u00a0\u00a0 O final de semana foi agitado na Tenda Teatro Popular de Ilh\u00e9us (TPI). O espa\u00e7o cultural recebeu o festival <i>Rock &amp; Poesia<\/i>, foi o ponto de partida da <i>III Palhasseata de Ilh\u00e9us<\/i> e levou as crian\u00e7as ao mundo da leitura e da m\u00fasica no <i>Conto e Cantigas<\/i>. Esta semana segue movimentada, com o <i>Cine Incidental Itinerante<\/i> amanh\u00e3 (17), na vila de Aritagu\u00e1, o musical infanto-juvenil <i>Auto do Boi da Cara Preta <\/i>na quinta (19) e o espet\u00e1culo de dan\u00e7a <i>Casa de Farinha<\/i>, de 20 a 22. Haver\u00e1 ainda o encerramento do Curso de Bateria, no s\u00e1bado (21).<\/div>\n<div><\/div>\n<div>\n<div id=\"attachment_76649\" style=\"width: 560px\" class=\"wp-caption aligncenter\"><a href=\"http:\/\/www.r2cpress.com.br\/v1\/wp-content\/uploads\/III-Palhasseata-de-Ilh\u00e9us-foto-Karoline-Vital-3.jpg\"><img aria-describedby=\"caption-attachment-76649\" loading=\"lazy\" class=\"size-full wp-image-76649\" alt=\"III Palhasseata de Ilh\u00e9us - foto Karoline Vital.\" src=\"http:\/\/www.r2cpress.com.br\/v1\/wp-content\/uploads\/III-Palhasseata-de-Ilh\u00e9us-foto-Karoline-Vital-3.jpg\" width=\"550\" height=\"413\" srcset=\"https:\/\/www.r2cpress.com.br\/v1\/wp-content\/uploads\/III-Palhasseata-de-Ilh\u00e9us-foto-Karoline-Vital-3.jpg 550w, https:\/\/www.r2cpress.com.br\/v1\/wp-content\/uploads\/III-Palhasseata-de-Ilh\u00e9us-foto-Karoline-Vital-3-300x225.jpg 300w\" sizes=\"(max-width: 550px) 100vw, 550px\" \/><\/a><p id=\"caption-attachment-76649\" class=\"wp-caption-text\">III Palhasseata de Ilh\u00e9us &#8211; foto Karoline Vital.<\/p><\/div>\n<\/div>\n<div>\n<p>\u00a0\u00a0\u00a0\u00a0\u00a0\u00a0\u00a0\u00a0\u00a0\u00a0\u00a0 O festival <i>Rock &amp; Poesia<\/i> reuniu talentos da m\u00fasica independente e literatura da regi\u00e3o. Foram tr\u00eas noites de shows e recitais, que empolgou o p\u00fablico da Tenda TPI entre os dias 12 e 14. Passaram pelo palco Mendigos Blues e Heitor Brasileiro, Dr. Imbira e Gustavo Felic\u00edssimo, fechando com Enttropia e Lorenza Mucida.<\/p>\n<p><!--more--><\/p>\n<p>A <i>III Palhasseata de Ilh\u00e9us<\/i> comemorou o Dia do Palha\u00e7o com um cortejo colorido e irreverente pelas ruas do centro da cidade. Artistas e grupos de Ilh\u00e9us, Itabuna e Serra Grande se juntaram para celebrar a alegria. No final, uma s\u00e9rie de n\u00fameros c\u00f4micos e circenses em frente ao Teatro Municipal. O evento ainda arrecadou brinquedos para a festa natalina promovida pelo palha\u00e7o Ling\u00fci\u00e7a no bairro S\u00e3o Pedro, em Itabuna.<\/p>\n<p>O projeto <i>Conto e Cantigas<\/i> apresentou \u00e0s crian\u00e7as <i>O Planeta dos Montinhos<\/i>, de Elza Cesar Sallut. A hist\u00f3ria foi contada por Luciene Nunes e M\u00e1rcia Mascarenhas, enquanto Elielton Cabe\u00e7a executava m\u00fasica e efeitos sonoros ao vivo. A iniciativa tem como objetivo estimular o gosto pela leitura e musicaliza\u00e7\u00e3o entre os pequenos. Como refor\u00e7o, foi criado o <i>Clubinho Conto e Cantigas<\/i>, oferecendo atividades exclusivas para associados. Para participar, basta preencher uma ficha com dados pessoais e pagar taxa de R$ 15 por ano.<\/p>\n<p>Esta semana segue com a \u00faltima apresenta\u00e7\u00e3o do <i>Cine Incidental Itinerante<\/i>, exibindo filmes de Chaplin com trilha sonora executada ao vivo pelos m\u00fasicos Elielton Cabe\u00e7a e Pablo Lisboa. Neste m\u00eas, foram realizadas apresenta\u00e7\u00f5es no Centro, Pontal e, nesta ter\u00e7a-feira (17) a partir das 19 horas, o grupo estar\u00e1 na vila de Aritagu\u00e1. A iniciativa tem apoio da Secretaria Municipal de Cultura.<\/p>\n<p>A alegria e o colorido do bumba meu boi s\u00e3o o esp\u00edrito do musical infanto-juvenil <i>Auto do Boi da Cara Preta<\/i>. A montagem da Cia. Boi da Cara Preta ser\u00e1 apresentada \u00e0s 20 horas desta quinta-feira (19), na Tenda TPI. E na sexta-feira e s\u00e1bado, \u00e0s 20 horas, o p\u00fablico poder\u00e1 conferir <i>Casa de Farinha<\/i>. O espet\u00e1culo de dan\u00e7a da Cia. S\u00f4anne Marry tamb\u00e9m ser\u00e1 apresentado no domingo (22), \u00e0s 19 horas. As entradas custam R$ 20 e R$ 10.<\/p>\n<p>E o mestre Sabar\u00e1 entregar\u00e1 os certificados dos novos bateristas, formados no curso ministrado por ele, na Tenda Teatro Popular de Ilh\u00e9us. A apresenta\u00e7\u00e3o ser\u00e1 aberta ao p\u00fablico, que poder\u00e1 conferir aula aberta e os talentos dos alunos. As apresenta\u00e7\u00f5es come\u00e7am \u00e0s 17 horas.<\/p>\n<\/div>\n","protected":false},"excerpt":{"rendered":"<p>\u00a0\u00a0\u00a0\u00a0\u00a0\u00a0\u00a0\u00a0\u00a0\u00a0\u00a0\u00a0\u00a0 O final de semana foi agitado na Tenda Teatro Popular de Ilh\u00e9us (TPI). O espa\u00e7o cultural recebeu o festival Rock &amp; Poesia, foi o ponto de partida da III Palhasseata de Ilh\u00e9us e levou as crian\u00e7as ao mundo da leitura e da m\u00fasica no Conto e Cantigas. Esta semana segue movimentada, com o Cine [&hellip;]<\/p>\n","protected":false},"author":2,"featured_media":0,"comment_status":"open","ping_status":"open","sticky":false,"template":"","format":"standard","meta":{"_links_to":"","_links_to_target":""},"categories":[5],"tags":[],"_links":{"self":[{"href":"https:\/\/www.r2cpress.com.br\/v1\/wp-json\/wp\/v2\/posts\/76648"}],"collection":[{"href":"https:\/\/www.r2cpress.com.br\/v1\/wp-json\/wp\/v2\/posts"}],"about":[{"href":"https:\/\/www.r2cpress.com.br\/v1\/wp-json\/wp\/v2\/types\/post"}],"author":[{"embeddable":true,"href":"https:\/\/www.r2cpress.com.br\/v1\/wp-json\/wp\/v2\/users\/2"}],"replies":[{"embeddable":true,"href":"https:\/\/www.r2cpress.com.br\/v1\/wp-json\/wp\/v2\/comments?post=76648"}],"version-history":[{"count":2,"href":"https:\/\/www.r2cpress.com.br\/v1\/wp-json\/wp\/v2\/posts\/76648\/revisions"}],"predecessor-version":[{"id":76651,"href":"https:\/\/www.r2cpress.com.br\/v1\/wp-json\/wp\/v2\/posts\/76648\/revisions\/76651"}],"wp:attachment":[{"href":"https:\/\/www.r2cpress.com.br\/v1\/wp-json\/wp\/v2\/media?parent=76648"}],"wp:term":[{"taxonomy":"category","embeddable":true,"href":"https:\/\/www.r2cpress.com.br\/v1\/wp-json\/wp\/v2\/categories?post=76648"},{"taxonomy":"post_tag","embeddable":true,"href":"https:\/\/www.r2cpress.com.br\/v1\/wp-json\/wp\/v2\/tags?post=76648"}],"curies":[{"name":"wp","href":"https:\/\/api.w.org\/{rel}","templated":true}]}}