{"id":7685,"date":"2011-01-29T11:29:55","date_gmt":"2011-01-29T14:29:55","guid":{"rendered":"http:\/\/www.r2cpress.com.br\/v1\/?p=7685"},"modified":"2011-01-29T11:29:55","modified_gmt":"2011-01-29T14:29:55","slug":"brasil-e-argentina-fazem-duelo-dia-6-de-fevereiro","status":"publish","type":"post","link":"https:\/\/www.r2cpress.com.br\/v1\/2011\/01\/29\/brasil-e-argentina-fazem-duelo-dia-6-de-fevereiro\/","title":{"rendered":"Brasil e Argentina fazem duelo dia 6 de fevereiro"},"content":{"rendered":"<p>Seja no futebol, no v\u00f4lei, basquete ou quaqluer outro esporte, o confronto entre Brasil e Argentina \u00e9 sempre cercado de expectativa, rivalidade e emo\u00e7\u00e3o. E n\u00e3o \u00e9 apenas o torcedor que n\u00e3o quer ver sua sele\u00e7\u00e3o perder para o &#8220;inimigo mais perigoso&#8221;. Jogadores, dirigentes e treinadores tamb\u00e9m compartilham do mesmo pensamento e fazem de tudo para superar o rival.<\/p>\n<p>Classificados para a segunda fase do Sul-Americano sub-20, nos primeiros lugares dos Grupos A e B, as sele\u00e7\u00f5es do Brasil e da Argentina j\u00e1 t\u00eam data marcada para se encontrar. O duelo mais aguardado acontece no pr\u00f3ximo dia 6 de fevereiro, \u00e0s 21h (hor\u00e1rio de Bras\u00edlia), na cidade Peruana de Arequipa.<\/p>\n<p>Esse ser\u00e1 o primeiro confronto entre as duas sele\u00e7\u00f5es desde que o di\u00e1rio esportivo argentino &#8220;Ol\u00e9&#8221; elogiou o futebol do atacante Neymar comparando-o com o \u00eddolo hermano Diego Maradona. Na ocasi\u00e3o, Neymar marcou quatro gols e foi apelidado de &#8220;Neymaradona&#8221;.<\/p>\n<p>&#8212;<br \/>\nNo <a href = \"http:\/\/www.tribunadabahia.com.br\/news.php?idAtual=71696\" target = \"_news\"><b>Tribuna da Bahia<\/b><\/a><\/p>\n","protected":false},"excerpt":{"rendered":"<p>Seja no futebol, no v\u00f4lei, basquete ou quaqluer outro esporte, o confronto entre Brasil e Argentina \u00e9 sempre cercado de expectativa, rivalidade e emo\u00e7\u00e3o. E n\u00e3o \u00e9 apenas o torcedor que n\u00e3o quer ver sua sele\u00e7\u00e3o perder para o &#8220;inimigo mais perigoso&#8221;. Jogadores, dirigentes e treinadores tamb\u00e9m compartilham do mesmo pensamento e fazem de tudo [&hellip;]<\/p>\n","protected":false},"author":2,"featured_media":0,"comment_status":"open","ping_status":"open","sticky":false,"template":"","format":"standard","meta":{"_links_to":"","_links_to_target":""},"categories":[11],"tags":[],"_links":{"self":[{"href":"https:\/\/www.r2cpress.com.br\/v1\/wp-json\/wp\/v2\/posts\/7685"}],"collection":[{"href":"https:\/\/www.r2cpress.com.br\/v1\/wp-json\/wp\/v2\/posts"}],"about":[{"href":"https:\/\/www.r2cpress.com.br\/v1\/wp-json\/wp\/v2\/types\/post"}],"author":[{"embeddable":true,"href":"https:\/\/www.r2cpress.com.br\/v1\/wp-json\/wp\/v2\/users\/2"}],"replies":[{"embeddable":true,"href":"https:\/\/www.r2cpress.com.br\/v1\/wp-json\/wp\/v2\/comments?post=7685"}],"version-history":[{"count":2,"href":"https:\/\/www.r2cpress.com.br\/v1\/wp-json\/wp\/v2\/posts\/7685\/revisions"}],"predecessor-version":[{"id":7687,"href":"https:\/\/www.r2cpress.com.br\/v1\/wp-json\/wp\/v2\/posts\/7685\/revisions\/7687"}],"wp:attachment":[{"href":"https:\/\/www.r2cpress.com.br\/v1\/wp-json\/wp\/v2\/media?parent=7685"}],"wp:term":[{"taxonomy":"category","embeddable":true,"href":"https:\/\/www.r2cpress.com.br\/v1\/wp-json\/wp\/v2\/categories?post=7685"},{"taxonomy":"post_tag","embeddable":true,"href":"https:\/\/www.r2cpress.com.br\/v1\/wp-json\/wp\/v2\/tags?post=7685"}],"curies":[{"name":"wp","href":"https:\/\/api.w.org\/{rel}","templated":true}]}}