{"id":7688,"date":"2011-01-29T16:48:37","date_gmt":"2011-01-29T19:48:37","guid":{"rendered":"http:\/\/www.r2cpress.com.br\/v1\/?p=7688"},"modified":"2011-01-29T16:48:37","modified_gmt":"2011-01-29T19:48:37","slug":"invasao-%e2%80%93-a-prefeitura-autorizou","status":"publish","type":"post","link":"https:\/\/www.r2cpress.com.br\/v1\/2011\/01\/29\/invasao-%e2%80%93-a-prefeitura-autorizou\/","title":{"rendered":"INVAS\u00c3O \u2013 A Prefeitura autorizou"},"content":{"rendered":"<p><img align = \"left\" src = \"http:\/\/www.r2cpress.com.br\/v1\/wp-content\/uploads\/ze-carlos-junior-para-novo-site.jpg\"\/>J\u00e1 s\u00e3o cinco os barracos, poderemos ter em brev\u00edssimo tempo uma linda rua invadida na Avenida Aur\u00e9lio Linhares, na \u00e1rea destinada \u00e0 instala\u00e7\u00e3o de barracas de fogos em \u00e9poca de S\u00e3o Jo\u00e3o.<br \/>\nN\u00e3o bastasse a situa\u00e7\u00e3o ao lado da Cesta do Povo, j\u00e1 devidamente concretizada com \u00e1gua, luz, parab\u00f3lica e companhia, aparece mais essa.<br \/>\nSinceramente n\u00e3o sei aonde vamos parar com tanta falta de fiscaliza\u00e7\u00e3o e autoridade.<br \/>\nPoucas pessoas no momento desconhecem como foi a cria\u00e7\u00e3o das invas\u00f5es da entrada da cidade (em frente \u00e0 rodovi\u00e1ria) e no in\u00edcio da estrada Ilh\u00e9us\/Itacar\u00e9, com direito a invas\u00e3o de manguezais, sem nenhuma infra-estrutura e tudo sob o olhar complacente do poder municipal.<br \/>\nTodos os dias ao passar no entorno do Alto S\u00e3o Domingos, sentido Caf\u00e9 Polar\/Ponte, fico a pensar o que poder\u00e1 ser daquela \u00e1rea numa futura invas\u00e3o.<br \/>\nA coisa est\u00e1 a cada dia ficando sem controle, a quem recorrer?<\/p>\n<p><b>Z\u00c9CARLOS JUNIOR<\/b><\/p>\n","protected":false},"excerpt":{"rendered":"<p>J\u00e1 s\u00e3o cinco os barracos, poderemos ter em brev\u00edssimo tempo uma linda rua invadida na Avenida Aur\u00e9lio Linhares, na \u00e1rea destinada \u00e0 instala\u00e7\u00e3o de barracas de fogos em \u00e9poca de S\u00e3o Jo\u00e3o. N\u00e3o bastasse a situa\u00e7\u00e3o ao lado da Cesta do Povo, j\u00e1 devidamente concretizada com \u00e1gua, luz, parab\u00f3lica e companhia, aparece mais essa. Sinceramente [&hellip;]<\/p>\n","protected":false},"author":2,"featured_media":0,"comment_status":"open","ping_status":"open","sticky":false,"template":"","format":"standard","meta":{"_links_to":"","_links_to_target":""},"categories":[10],"tags":[],"_links":{"self":[{"href":"https:\/\/www.r2cpress.com.br\/v1\/wp-json\/wp\/v2\/posts\/7688"}],"collection":[{"href":"https:\/\/www.r2cpress.com.br\/v1\/wp-json\/wp\/v2\/posts"}],"about":[{"href":"https:\/\/www.r2cpress.com.br\/v1\/wp-json\/wp\/v2\/types\/post"}],"author":[{"embeddable":true,"href":"https:\/\/www.r2cpress.com.br\/v1\/wp-json\/wp\/v2\/users\/2"}],"replies":[{"embeddable":true,"href":"https:\/\/www.r2cpress.com.br\/v1\/wp-json\/wp\/v2\/comments?post=7688"}],"version-history":[{"count":2,"href":"https:\/\/www.r2cpress.com.br\/v1\/wp-json\/wp\/v2\/posts\/7688\/revisions"}],"predecessor-version":[{"id":7690,"href":"https:\/\/www.r2cpress.com.br\/v1\/wp-json\/wp\/v2\/posts\/7688\/revisions\/7690"}],"wp:attachment":[{"href":"https:\/\/www.r2cpress.com.br\/v1\/wp-json\/wp\/v2\/media?parent=7688"}],"wp:term":[{"taxonomy":"category","embeddable":true,"href":"https:\/\/www.r2cpress.com.br\/v1\/wp-json\/wp\/v2\/categories?post=7688"},{"taxonomy":"post_tag","embeddable":true,"href":"https:\/\/www.r2cpress.com.br\/v1\/wp-json\/wp\/v2\/tags?post=7688"}],"curies":[{"name":"wp","href":"https:\/\/api.w.org\/{rel}","templated":true}]}}