{"id":7708,"date":"2011-01-30T08:03:15","date_gmt":"2011-01-30T11:03:15","guid":{"rendered":"http:\/\/www.r2cpress.com.br\/v1\/?p=7708"},"modified":"2011-01-30T08:03:15","modified_gmt":"2011-01-30T11:03:15","slug":"moto-taxi","status":"publish","type":"post","link":"https:\/\/www.r2cpress.com.br\/v1\/2011\/01\/30\/moto-taxi\/","title":{"rendered":"MOTO TAXI"},"content":{"rendered":"<p>Corpo da mensagem:<br \/>\nRabat,<\/p>\n<p>MOTO TAXI<\/p>\n<p>A quem interessar possa: Minist\u00e9rio p\u00fablico? C\u00e2mara de vereadores? Prefeitura?<\/p>\n<p>Est\u00e1 explicito na lei n\u00ba 12.009\/09 que regulamenta o servi\u00e7o de moto-t\u00e1xi e moto-boy e que alterou a Lei no 9.503, de 23 de setembro de 1997, onde estabelece a idade m\u00ednima de 21 anos para o exerc\u00edcio dessas profiss\u00f5es, al\u00e9m da exig\u00eancia de habilita\u00e7\u00e3o por no m\u00ednimo dois anos na categoria de motos. Vale lembrar que o motociclista somente ficar\u00e1 habilitado para exercer as profiss\u00f5es de moto-boy, moto-taxista e moto-frete depois de aprovados em curso do Conselho Nacional de Tr\u00e2nsito (CONTRAN).Estas s\u00e3o as exig\u00eancias m\u00ednimas da referida lei,que at\u00e9 a presente data nada se fez para regulament\u00e1-la no munic\u00edpio de Ilh\u00e9us.Est\u00e1 em risco os pr\u00f3prios moto taxistas,passageiros,pedestres, al\u00e9m dos autom\u00f3veis,simplesmente pelo despreparo para exercerem a profiss\u00e3o,como tamb\u00e9m um excessivo numero deles que s\u00e3o imprudentes e irrespons\u00e1veis,com raras exce\u00e7\u00f5es.E a\u00ed como fica?Ningu\u00e9m vai tomar provid\u00eancias?Minist\u00e9rio p\u00fablico,Vereadores?Prefeitura?Em cada esquina se monta um estacionamento de moto taxi e ningu\u00e9m faz nada!Acidentes di\u00e1rios envolvendo esses ve\u00edculos,inclusive com muitas vitimas mutiladas ou fatais.Quem paga por isso?Cresce a cada dia \u00f4nus da causa e ningu\u00e9m ver!N\u00e3o pagam impostos pelo exerc\u00edcio,concorrem com taxis e \u00f4nibus e se acaso envolve em acidente com um ve\u00edculo de terceiros,aparecem dezenas ou mais com amea\u00e7as.Quem est\u00e1 no tr\u00e2nsito ou mesmo andando a p\u00e9 na cidade observe e ver\u00e1 um quantitativo deles circulando em velocidade e cometendo imprud\u00eancias,\u00e9 um Deus nos acuda.Do jeito que est\u00e1 n\u00e3o pode ficar e a cada dia aumentando o n\u00famero deles aqui em Ilh\u00e9us.Se tem que regulamentar porque n\u00e3o fazer!A regulamenta\u00e7\u00e3o dessa atividade facilitaria o controle e fiscaliza\u00e7\u00e3o,caso contrario com a omiss\u00e3o do poder p\u00fablico acredito que no futuro, poder\u00e1 ser responsabilizado.<\/p>\n<p>Ilheense,<\/p>\n<p>&#8212;<br \/>\nEsta mensagem foi enviada atrav\u00e9s do formul\u00e1rio de contato do site R2CPRESS | A Letra Fria da Verdade http:\/\/www.r2cpress.com.br\/v1<\/p>\n","protected":false},"excerpt":{"rendered":"<p>Corpo da mensagem: Rabat, MOTO TAXI A quem interessar possa: Minist\u00e9rio p\u00fablico? C\u00e2mara de vereadores? Prefeitura? Est\u00e1 explicito na lei n\u00ba 12.009\/09 que regulamenta o servi\u00e7o de moto-t\u00e1xi e moto-boy e que alterou a Lei no 9.503, de 23 de setembro de 1997, onde estabelece a idade m\u00ednima de 21 anos para o exerc\u00edcio dessas [&hellip;]<\/p>\n","protected":false},"author":2,"featured_media":0,"comment_status":"open","ping_status":"open","sticky":false,"template":"","format":"standard","meta":{"_links_to":"","_links_to_target":""},"categories":[10],"tags":[],"_links":{"self":[{"href":"https:\/\/www.r2cpress.com.br\/v1\/wp-json\/wp\/v2\/posts\/7708"}],"collection":[{"href":"https:\/\/www.r2cpress.com.br\/v1\/wp-json\/wp\/v2\/posts"}],"about":[{"href":"https:\/\/www.r2cpress.com.br\/v1\/wp-json\/wp\/v2\/types\/post"}],"author":[{"embeddable":true,"href":"https:\/\/www.r2cpress.com.br\/v1\/wp-json\/wp\/v2\/users\/2"}],"replies":[{"embeddable":true,"href":"https:\/\/www.r2cpress.com.br\/v1\/wp-json\/wp\/v2\/comments?post=7708"}],"version-history":[{"count":2,"href":"https:\/\/www.r2cpress.com.br\/v1\/wp-json\/wp\/v2\/posts\/7708\/revisions"}],"predecessor-version":[{"id":7710,"href":"https:\/\/www.r2cpress.com.br\/v1\/wp-json\/wp\/v2\/posts\/7708\/revisions\/7710"}],"wp:attachment":[{"href":"https:\/\/www.r2cpress.com.br\/v1\/wp-json\/wp\/v2\/media?parent=7708"}],"wp:term":[{"taxonomy":"category","embeddable":true,"href":"https:\/\/www.r2cpress.com.br\/v1\/wp-json\/wp\/v2\/categories?post=7708"},{"taxonomy":"post_tag","embeddable":true,"href":"https:\/\/www.r2cpress.com.br\/v1\/wp-json\/wp\/v2\/tags?post=7708"}],"curies":[{"name":"wp","href":"https:\/\/api.w.org\/{rel}","templated":true}]}}