{"id":7742,"date":"2011-01-30T09:16:18","date_gmt":"2011-01-30T12:16:18","guid":{"rendered":"http:\/\/www.r2cpress.com.br\/v1\/?p=7742"},"modified":"2011-01-30T09:20:21","modified_gmt":"2011-01-30T12:20:21","slug":"acoes-da-secretaria-de-turismo","status":"publish","type":"post","link":"https:\/\/www.r2cpress.com.br\/v1\/2011\/01\/30\/acoes-da-secretaria-de-turismo\/","title":{"rendered":"A\u00c7\u00d5ES DA SECRETARIA DE TURISMO"},"content":{"rendered":"<p><a href=\"http:\/\/www.r2cpress.com.br\/v1\/wp-content\/uploads\/MONT-CAPA-SITE18.jpg\"><img loading=\"lazy\" src=\"http:\/\/www.r2cpress.com.br\/v1\/wp-content\/uploads\/MONT-CAPA-SITE18-300x211.jpg\" alt=\"\" title=\"MONT CAPA SITE\" width=\"300\" height=\"211\" class=\"alignleft size-medium wp-image-7743\" srcset=\"https:\/\/www.r2cpress.com.br\/v1\/wp-content\/uploads\/MONT-CAPA-SITE18-300x211.jpg 300w, https:\/\/www.r2cpress.com.br\/v1\/wp-content\/uploads\/MONT-CAPA-SITE18.jpg 750w\" sizes=\"(max-width: 300px) 100vw, 300px\" \/><\/a>A Secretaria de Turismo acaba de lan\u00e7ar um pacote de a\u00e7\u00f5es visando dotar a \u00e1rea e a praia do Cristo Redentor, como mais um ponto de lazer para os turistas, visitantes e moradores.<br \/>\nEsta \u00e1rea h\u00e1 muito tempo estava necessitando da presen\u00e7a do poder p\u00fablico municipal, e esta presen\u00e7a se torna uma grata realidade com o projeto que est\u00e1 sendo implementado.<br \/>\n\u00c9 mais um trabalho desenvolvido pela Secretaria de Turismo, com o apoio do Prefeito Municipal e demais secretarias (Sa\u00fade, Desenvolvimento Urbano, Administra\u00e7\u00e3o, Setrans, Guarda Municipal, Policia Militar).<br \/>\n<img ALIGN = \"LEFT\" SRC = \"http:\/\/www.r2cpress.com.br\/v1\/wp-content\/uploads\/ze-carlos-junior-para-novo-site.jpg\"\/>Com certeza este trabalho consolidar\u00e1 aquele ponto da nossa cidade, como mais um atrativo tur\u00edstico.<\/p>\n<p><b>Praia do Cristo, cria\u00e7\u00e3o de um novo point na cidade:<\/b><\/p>\n<p><b>&#8211;<\/b>Cadastramento dos ambulantes que trabalham na \u00e1rea.<br \/>\n<b>&#8211;<\/b> Expedi\u00e7\u00e3o de alvar\u00e1s de funcionamento.<br \/>\n<b>&#8211;<\/b> Definido o n\u00famero de vendedores na \u00e1rea.<br \/>\n<b>&#8211;<\/b> Ro\u00e7agem e limpeza de toda a \u00e1rea do Cristo e da praia.<br \/>\n<b>&#8211;<\/b> Nos finais de semana ser\u00e3o instalados sanit\u00e1rios qu\u00edmicos.<br \/>\n<b>&#8211;<\/b> Posto Elevado de Salva-Vidas<br \/>\n<b>&#8211;<\/b> O lixo ser\u00e1 coletado diariamente.<br \/>\n<b>&#8211;<\/b> Demarca\u00e7\u00e3o da \u00e1rea de estacionamento.<br \/>\n<b>&#8211;<\/b> Ser\u00e1 realizado servi\u00e7o de pintura na imagem do Cristo.<br \/>\n<b>&#8211;<\/b> Em andamento a elabora\u00e7\u00e3o de um novo projeto de ilumina\u00e7\u00e3o.<br \/>\n<b>&#8211;<\/b> Na semana que antecede o carnaval, j\u00e1 est\u00e1 programado o evento \u201cBanho de Mar a fantasia\u201d, com trio el\u00e9trico.<br \/>\n<b>&#8211;<\/b> Proibi\u00e7\u00e3o de acesso de ve\u00edculos \u00e0 praia.<br \/>\nTamb\u00e9m ser\u00e3o instalados na Praia do Sul, a partir da Cabana Guarany, dez postos elevados de salva-vidas.<br \/>\nDe parab\u00e9ns o nosso Secret\u00e1rio de Turismo Paulo Moreira e sua equipe, pelo trabalho que est\u00e1 desenvolvendo em prol do turismo em nossa cidade, contando com o apoio do Gestor P\u00fablico e secretarias municipais.<\/p>\n<p><b>Z\u00c9CARLOS JUNIOR<\/b><\/p>\n","protected":false},"excerpt":{"rendered":"<p>A Secretaria de Turismo acaba de lan\u00e7ar um pacote de a\u00e7\u00f5es visando dotar a \u00e1rea e a praia do Cristo Redentor, como mais um ponto de lazer para os turistas, visitantes e moradores. Esta \u00e1rea h\u00e1 muito tempo estava necessitando da presen\u00e7a do poder p\u00fablico municipal, e esta presen\u00e7a se torna uma grata realidade com [&hellip;]<\/p>\n","protected":false},"author":2,"featured_media":0,"comment_status":"open","ping_status":"open","sticky":false,"template":"","format":"standard","meta":{"_links_to":"","_links_to_target":""},"categories":[10],"tags":[],"_links":{"self":[{"href":"https:\/\/www.r2cpress.com.br\/v1\/wp-json\/wp\/v2\/posts\/7742"}],"collection":[{"href":"https:\/\/www.r2cpress.com.br\/v1\/wp-json\/wp\/v2\/posts"}],"about":[{"href":"https:\/\/www.r2cpress.com.br\/v1\/wp-json\/wp\/v2\/types\/post"}],"author":[{"embeddable":true,"href":"https:\/\/www.r2cpress.com.br\/v1\/wp-json\/wp\/v2\/users\/2"}],"replies":[{"embeddable":true,"href":"https:\/\/www.r2cpress.com.br\/v1\/wp-json\/wp\/v2\/comments?post=7742"}],"version-history":[{"count":11,"href":"https:\/\/www.r2cpress.com.br\/v1\/wp-json\/wp\/v2\/posts\/7742\/revisions"}],"predecessor-version":[{"id":7753,"href":"https:\/\/www.r2cpress.com.br\/v1\/wp-json\/wp\/v2\/posts\/7742\/revisions\/7753"}],"wp:attachment":[{"href":"https:\/\/www.r2cpress.com.br\/v1\/wp-json\/wp\/v2\/media?parent=7742"}],"wp:term":[{"taxonomy":"category","embeddable":true,"href":"https:\/\/www.r2cpress.com.br\/v1\/wp-json\/wp\/v2\/categories?post=7742"},{"taxonomy":"post_tag","embeddable":true,"href":"https:\/\/www.r2cpress.com.br\/v1\/wp-json\/wp\/v2\/tags?post=7742"}],"curies":[{"name":"wp","href":"https:\/\/api.w.org\/{rel}","templated":true}]}}