{"id":7798,"date":"2011-01-30T18:30:11","date_gmt":"2011-01-30T21:30:11","guid":{"rendered":"http:\/\/www.r2cpress.com.br\/v1\/?p=7798"},"modified":"2011-01-30T18:30:33","modified_gmt":"2011-01-30T21:30:33","slug":"7798","status":"publish","type":"post","link":"https:\/\/www.r2cpress.com.br\/v1\/2011\/01\/30\/7798\/","title":{"rendered":"CARLINHOS FREITAS &#8211; Recado"},"content":{"rendered":"<p><img ALIGN = \"LEFT\" SRC = \"http:\/\/www.r2cpress.com.br\/v1\/wp-content\/uploads\/ze-carlos-junior-para-novo-site.jpg\"\/>Caro amigo,<\/p>\n<p>N\u00e3o tenho boas not\u00edcias, infelizmente.<\/p>\n<p>Todo aquele grande servi\u00e7o que voc\u00ea mandou fazer na Rua Brigadeiro Eduardo Gomes, liga\u00e7\u00e3o entre a Sapetinga e o centro do Pontal, (retirada do lix\u00e3o e reforma de todo o cal\u00e7amento) est\u00e1 indo por \u00e1gua abaixo.<br \/>\nO local do antigo lix\u00e3o est\u00e1 limpo,bem como todo o cal\u00e7amento da rua, inclusive a dire\u00e7\u00e3o do Col\u00e9gio Militar pintou toda a extens\u00e3o do muro com as cores da bandeira da Bahia, ficou muito bonito.<br \/>\nMais adiante a coisa est\u00e1 ficando bem ruim, os moradores est\u00e3o jogando todo tipo de lixo nos passeios que ficam ao lado do muro da Infraero e a quantidade de lixo j\u00e1 est\u00e1 tomando a propor\u00e7\u00e3o do antigo lix\u00e3o.<br \/>\nSinceramente n\u00e3o sei o que passa na cabe\u00e7a do nosso povo, parece que a op\u00e7\u00e3o \u00e9 viver no lixo, com ratos, urubus, etc.<br \/>\nComo sugest\u00e3o, seria oportuno que se fizesse uma limpeza geral e fosse alertado aos moradores sobre o hor\u00e1rio da coleta de lixo e <b>que n\u00e3o seria mais permitido que o fato fosse repetido.<\/b><br \/>\nSer\u00e1 que se pode fazer isso? Existe algum amparo legal que permita esta a\u00e7\u00e3o?<br \/>\nAn\u00e1lise o problema, mande um fiscal observar o que est\u00e1 acontecendo, pois se depender dos moradores daquela art\u00e9ria quanto pior melhor.<\/p>\n<p><b>Z\u00c9CARLOS JUNIOR<\/b><\/p>\n","protected":false},"excerpt":{"rendered":"<p>Caro amigo, N\u00e3o tenho boas not\u00edcias, infelizmente. Todo aquele grande servi\u00e7o que voc\u00ea mandou fazer na Rua Brigadeiro Eduardo Gomes, liga\u00e7\u00e3o entre a Sapetinga e o centro do Pontal, (retirada do lix\u00e3o e reforma de todo o cal\u00e7amento) est\u00e1 indo por \u00e1gua abaixo. O local do antigo lix\u00e3o est\u00e1 limpo,bem como todo o cal\u00e7amento da [&hellip;]<\/p>\n","protected":false},"author":2,"featured_media":0,"comment_status":"open","ping_status":"open","sticky":false,"template":"","format":"standard","meta":{"_links_to":"","_links_to_target":""},"categories":[10],"tags":[],"_links":{"self":[{"href":"https:\/\/www.r2cpress.com.br\/v1\/wp-json\/wp\/v2\/posts\/7798"}],"collection":[{"href":"https:\/\/www.r2cpress.com.br\/v1\/wp-json\/wp\/v2\/posts"}],"about":[{"href":"https:\/\/www.r2cpress.com.br\/v1\/wp-json\/wp\/v2\/types\/post"}],"author":[{"embeddable":true,"href":"https:\/\/www.r2cpress.com.br\/v1\/wp-json\/wp\/v2\/users\/2"}],"replies":[{"embeddable":true,"href":"https:\/\/www.r2cpress.com.br\/v1\/wp-json\/wp\/v2\/comments?post=7798"}],"version-history":[{"count":3,"href":"https:\/\/www.r2cpress.com.br\/v1\/wp-json\/wp\/v2\/posts\/7798\/revisions"}],"predecessor-version":[{"id":7801,"href":"https:\/\/www.r2cpress.com.br\/v1\/wp-json\/wp\/v2\/posts\/7798\/revisions\/7801"}],"wp:attachment":[{"href":"https:\/\/www.r2cpress.com.br\/v1\/wp-json\/wp\/v2\/media?parent=7798"}],"wp:term":[{"taxonomy":"category","embeddable":true,"href":"https:\/\/www.r2cpress.com.br\/v1\/wp-json\/wp\/v2\/categories?post=7798"},{"taxonomy":"post_tag","embeddable":true,"href":"https:\/\/www.r2cpress.com.br\/v1\/wp-json\/wp\/v2\/tags?post=7798"}],"curies":[{"name":"wp","href":"https:\/\/api.w.org\/{rel}","templated":true}]}}