{"id":7809,"date":"2011-01-31T08:25:01","date_gmt":"2011-01-31T11:25:01","guid":{"rendered":"http:\/\/www.r2cpress.com.br\/v1\/?p=7809"},"modified":"2011-01-31T08:25:01","modified_gmt":"2011-01-31T11:25:01","slug":"regata-salvador-ilheus-tera-show-de-maria-gadu-e-jau-na-concha-acustica-dia-19-de-fevereiro","status":"publish","type":"post","link":"https:\/\/www.r2cpress.com.br\/v1\/2011\/01\/31\/regata-salvador-ilheus-tera-show-de-maria-gadu-e-jau-na-concha-acustica-dia-19-de-fevereiro\/","title":{"rendered":"Regata Salvador-Ilh\u00e9us ter\u00e1 show de Maria Gadu e Jau na Concha Ac\u00fastica, dia 19 de fevereiro"},"content":{"rendered":"<p><a href=\"http:\/\/www.r2cpress.com.br\/v1\/wp-content\/uploads\/MONT-CAPA-SITE20.jpg\"><img loading=\"lazy\" src=\"http:\/\/www.r2cpress.com.br\/v1\/wp-content\/uploads\/MONT-CAPA-SITE20-300x129.jpg\" alt=\"\" title=\"MONT CAPA SITE\" width=\"300\" height=\"129\" class=\"alignleft size-medium wp-image-7810\" srcset=\"https:\/\/www.r2cpress.com.br\/v1\/wp-content\/uploads\/MONT-CAPA-SITE20-300x129.jpg 300w, https:\/\/www.r2cpress.com.br\/v1\/wp-content\/uploads\/MONT-CAPA-SITE20-1024x442.jpg 1024w, https:\/\/www.r2cpress.com.br\/v1\/wp-content\/uploads\/MONT-CAPA-SITE20.jpg 1097w\" sizes=\"(max-width: 300px) 100vw, 300px\" \/><\/a>A XIV Regata Salvador Ilh\u00e9us, a \u00fanica regata oce\u00e2nica de longo percurso do Estado que engloba 15 horas de mar e integra as 120 milhas mar\u00edtimas percorridas, passa a ser este ano mais que uma competi\u00e7\u00e3o esportiva. Ter\u00e1 um calend\u00e1rio que inclui desde iniciativas de incentivo \u00e0 pr\u00e1tica do esporte n\u00e1utico na ba\u00eda do Pontal, em Ilh\u00e9us, at\u00e9 shows com artistas nacionais. A agenda de apresenta\u00e7\u00f5es musicais este ano tr\u00e1z \u00e0 Ilh\u00e9us a paulistana Maria Gad\u00fa e o baiano Jau. Eles se apresentam na Concha Ac\u00fastica da avenida Soares Lopes, no dia 19 de fevereiro, com uma mistura de ritmos que combina muita divers\u00e3o e romantismo. <\/p>\n<p><!--more--><\/p>\n<p>Maria Gad\u00fa abrir\u00e1 o show apresentando can\u00e7\u00f5es do seu \u00e1lbum de estr\u00e9ia, como Shimbalai\u00ea, Linda Rosa e Dona Cila, al\u00e9m da interpreta\u00e7\u00e3o singular de sucessos do Pop Rock nacional, a exemplo de Lanterna dos Afogados.  A cantora estourou no ano de 2009, ap\u00f3s emplacar suas m\u00fasicas em miniss\u00e9ries e trilhas de novelas, tendo hoje uma das agendas mais disputadas entre os artistas de MPB. Jau, cantor e compositor baiano, faz a festa com as m\u00fasicas do seu mais novo CD, que tem o sucesso \u201cSe Joga\u201d como o carro-chefe. Antigos sucessos, como Flores da Favela, Sand\u00e1lia de Couro e Do Jeito que Seu Nego Gosta completam o repert\u00f3rio. Os ingressos est\u00e3o \u00e0 venda no Stand do Karioca e Encantur, pelo valor de R$30,00.<\/p>\n<p><strong>Est\u00edmulo e arte<\/strong> &#8211; Segundo os organizadores da competi\u00e7\u00e3o, a agenda de shows passa a ser uma op\u00e7\u00e3o a mais para o evento, trazendo a Ilh\u00e9us, al\u00e9m de velejadores de todo o estado, grandes nomes da m\u00fasica brasileira para agitar o ver\u00e3o da cidade. A XIV Regata Salvador Ilh\u00e9us que j\u00e1 \u00e9 uma das mais tradicionais competi\u00e7\u00f5es n\u00e1uticas do estado, sempre se manteve como uma prova restrita aos competidores devido, principalmente, \u00e0s suas caracter\u00edsticas de disputa em alto-mar. Este ano ser\u00e1 diferente, garante Marcelo Tavares, coordenador do evento e diretor de Vela do Ilh\u00e9us Iate Clube. A prova ter\u00e1 a participa\u00e7\u00e3o efetiva da comunidade, com atrativos extras, competi\u00e7\u00f5es e exibi\u00e7\u00f5es esportivas na ba\u00eda do Pontal. O evento acontecer\u00e1 nos dias 18, 19 e 20 de fevereiro e contar\u00e1 com o apoio do Aratu Iate Clube, Federa\u00e7\u00e3o dos Esportes N\u00e1uticos do Estado da Bahia (Feneb) e Capitania dos Portos.<\/p>\n<p>Al\u00e9m de integrar velejadores das duas cidades litor\u00e2neas da Bahia, a prova tamb\u00e9m servir\u00e1 para consolidar Ilh\u00e9us como uma importante alternativa para velejadores que navegam na costa baiana, fortalecendo o turismo esportivo da regi\u00e3o. Nesta edi\u00e7\u00e3o ser\u00e1 tamb\u00e9m realizado o III Delta Trophy, uma competi\u00e7\u00e3o paralela que ter\u00e1 a participa\u00e7\u00e3o de velejadores que venceram a prova por tr\u00eas vezes consecutivas para ter a posse definitiva do trof\u00e9u Delta Trophy. Outras premia\u00e7\u00f5es tamb\u00e9m est\u00e3o previstas como forma de incentivo a uma das mais exaustivas competi\u00e7\u00f5es n\u00e1uticas da Bahia.<\/p>\n<p><strong>Programa\u00e7\u00e3o<\/strong> &#8211; De acordo com o calend\u00e1rio elaborado pelos organizadores, a competi\u00e7\u00e3o ter\u00e1 in\u00edcio \u00e0s 13 horas do dia 18 de fevereiro, com sa\u00edda da base do Iate Clube da Bahia, em Salvador. A chegada dever\u00e1 ocorrer em Ilh\u00e9us, a partir das 5 horas da manh\u00e3 do dia seguinte, no Ilh\u00e9us Iate Clube. Neste mesmo dia, est\u00e1 prevista uma feijoada com a presen\u00e7a dos participantes, autoridades e imprensa regionais, seguida da premia\u00e7\u00e3o. No domingo (20), uma s\u00e9rie de apresenta\u00e7\u00f5es de esportes n\u00e1uticos, abertas ao publico, acontecer\u00e1 na ba\u00eda do Pontal, um dos cart\u00f5es-postais de Ilh\u00e9us.<\/p>\n<p>Uma das presen\u00e7as confirmadas \u00e9 o da vice-campe\u00e3o mundial de Jet Ski, Bruno Jacob, que far\u00e1 uma apresenta\u00e7\u00e3o radical na ba\u00eda do Pontal. O objetivo, segundo os organizadores, \u00e9 incentivar a pr\u00e1tica de atividades n\u00e1uticas em Ilh\u00e9us que, anos atr\u00e1s, j\u00e1 foi destaque internacional com o remo, e mostrar a potencialidade da ba\u00eda para a pr\u00e1tica esportiva. O baiano Bruno Jacob, de 23 anos, \u00e9 considerado um dos mais talentosos pilotos de Jet Ski da atualidade e promete uma s\u00e9rie de manobras radicais em sua apresenta\u00e7\u00e3o em Ilh\u00e9us.  <\/p>\n","protected":false},"excerpt":{"rendered":"<p>A XIV Regata Salvador Ilh\u00e9us, a \u00fanica regata oce\u00e2nica de longo percurso do Estado que engloba 15 horas de mar e integra as 120 milhas mar\u00edtimas percorridas, passa a ser este ano mais que uma competi\u00e7\u00e3o esportiva. Ter\u00e1 um calend\u00e1rio que inclui desde iniciativas de incentivo \u00e0 pr\u00e1tica do esporte n\u00e1utico na ba\u00eda do Pontal, [&hellip;]<\/p>\n","protected":false},"author":2,"featured_media":0,"comment_status":"open","ping_status":"open","sticky":false,"template":"","format":"standard","meta":{"_links_to":"","_links_to_target":""},"categories":[5],"tags":[],"_links":{"self":[{"href":"https:\/\/www.r2cpress.com.br\/v1\/wp-json\/wp\/v2\/posts\/7809"}],"collection":[{"href":"https:\/\/www.r2cpress.com.br\/v1\/wp-json\/wp\/v2\/posts"}],"about":[{"href":"https:\/\/www.r2cpress.com.br\/v1\/wp-json\/wp\/v2\/types\/post"}],"author":[{"embeddable":true,"href":"https:\/\/www.r2cpress.com.br\/v1\/wp-json\/wp\/v2\/users\/2"}],"replies":[{"embeddable":true,"href":"https:\/\/www.r2cpress.com.br\/v1\/wp-json\/wp\/v2\/comments?post=7809"}],"version-history":[{"count":2,"href":"https:\/\/www.r2cpress.com.br\/v1\/wp-json\/wp\/v2\/posts\/7809\/revisions"}],"predecessor-version":[{"id":7812,"href":"https:\/\/www.r2cpress.com.br\/v1\/wp-json\/wp\/v2\/posts\/7809\/revisions\/7812"}],"wp:attachment":[{"href":"https:\/\/www.r2cpress.com.br\/v1\/wp-json\/wp\/v2\/media?parent=7809"}],"wp:term":[{"taxonomy":"category","embeddable":true,"href":"https:\/\/www.r2cpress.com.br\/v1\/wp-json\/wp\/v2\/categories?post=7809"},{"taxonomy":"post_tag","embeddable":true,"href":"https:\/\/www.r2cpress.com.br\/v1\/wp-json\/wp\/v2\/tags?post=7809"}],"curies":[{"name":"wp","href":"https:\/\/api.w.org\/{rel}","templated":true}]}}