{"id":7836,"date":"2011-01-31T20:10:38","date_gmt":"2011-01-31T23:10:38","guid":{"rendered":"http:\/\/www.r2cpress.com.br\/v1\/?p=7836"},"modified":"2011-01-31T20:10:38","modified_gmt":"2011-01-31T23:10:38","slug":"camara-municipal-de-ilheus-42","status":"publish","type":"post","link":"https:\/\/www.r2cpress.com.br\/v1\/2011\/01\/31\/camara-municipal-de-ilheus-42\/","title":{"rendered":"C\u00e2mara Municipal de Ilh\u00e9us"},"content":{"rendered":"<p><strong>Combate as drogas foi tema de reuni\u00e3o na C\u00e2mara de Ilh\u00e9us<\/strong><\/p>\n<p><div id=\"attachment_7837\" style=\"width: 310px\" class=\"wp-caption alignleft\"><a href=\"http:\/\/www.r2cpress.com.br\/v1\/wp-content\/uploads\/Vereador-Professor-Gurita-fala-sobre-a-cria\u00e7\u00e3o-do-Dia-Municipal-de-Combate-as-drogas.jpg\"><img aria-describedby=\"caption-attachment-7837\" loading=\"lazy\" src=\"http:\/\/www.r2cpress.com.br\/v1\/wp-content\/uploads\/Vereador-Professor-Gurita-fala-sobre-a-cria\u00e7\u00e3o-do-Dia-Municipal-de-Combate-as-drogas-300x201.jpg\" alt=\"\" title=\"Vereador Professor Gurita fala sobre a cria\u00e7\u00e3o do Dia Municipal de Combate as drogas\" width=\"300\" height=\"201\" class=\"size-medium wp-image-7837\" srcset=\"https:\/\/www.r2cpress.com.br\/v1\/wp-content\/uploads\/Vereador-Professor-Gurita-fala-sobre-a-cria\u00e7\u00e3o-do-Dia-Municipal-de-Combate-as-drogas-300x201.jpg 300w, https:\/\/www.r2cpress.com.br\/v1\/wp-content\/uploads\/Vereador-Professor-Gurita-fala-sobre-a-cria\u00e7\u00e3o-do-Dia-Municipal-de-Combate-as-drogas.jpg 695w\" sizes=\"(max-width: 300px) 100vw, 300px\" \/><\/a><p id=\"caption-attachment-7837\" class=\"wp-caption-text\">CMI EM A\u00c7\u00c3O<\/p><\/div>Foi realizada na tarde de hoje (31), na C\u00e2mara de Vereadores e Ilh\u00e9us uma reuni\u00e3o para definir os rumos da Campanha de combate as drogas no munic\u00edpio. O encontro contou com a participa\u00e7\u00e3o do vereador Alzim\u00e1rio Belmonte (Professor Gurita), representantes dos Centros de Recupera\u00e7\u00e3o da cidade e lideran\u00e7as religiosas locais.<\/p>\n<p>Para que toda a cidade seja mobilizada na luta contra as drogas o edil Professor Gurita ir\u00e1 encaminhar um Projeto de Lei a C\u00e2mara logo na volta do recesso para que o dia 18 de Mar\u00e7o seja institu\u00eddo como o Dia Municipal de Combate as Drogas em Ilh\u00e9us. \u201cN\u00f3s queremos que o dia 18 de Mar\u00e7o fique marcado por essa luta, realizaremos uma grande passeata nesse dia e contamos com o apoio de toda a sociedade civil organizada\u201d, ressaltou o parlamentar. <\/p>\n<p>O Comit\u00ea de Pol\u00edtica sobre Drogas juntamente com a Galera de Jesus j\u00e1 vem idealizando uma Campanha intitulada \u201cTodos contra o Crack! Inclusive n\u00f3s\u201d. F\u00e1bio Mantena, um dos representantes do Comit\u00ea lembrou que a id\u00e9ia principal n\u00e3o \u00e9 s\u00f3 fazer a mobiliza\u00e7\u00e3o, mas como tamb\u00e9m dar continuidade ao projeto. \u201cA luta contra as drogas \u00e9 de todos n\u00f3s, a campanha ficar\u00e1 pronta em meados de fevereiro e servir\u00e1 para alertar e fazer com que todos os ilheenses abracem essa causa\u201d, disse. <\/p>\n","protected":false},"excerpt":{"rendered":"<p>Combate as drogas foi tema de reuni\u00e3o na C\u00e2mara de Ilh\u00e9us Foi realizada na tarde de hoje (31), na C\u00e2mara de Vereadores e Ilh\u00e9us uma reuni\u00e3o para definir os rumos da Campanha de combate as drogas no munic\u00edpio. O encontro contou com a participa\u00e7\u00e3o do vereador Alzim\u00e1rio Belmonte (Professor Gurita), representantes dos Centros de Recupera\u00e7\u00e3o [&hellip;]<\/p>\n","protected":false},"author":2,"featured_media":0,"comment_status":"open","ping_status":"open","sticky":false,"template":"","format":"standard","meta":{"_links_to":"","_links_to_target":""},"categories":[22],"tags":[],"_links":{"self":[{"href":"https:\/\/www.r2cpress.com.br\/v1\/wp-json\/wp\/v2\/posts\/7836"}],"collection":[{"href":"https:\/\/www.r2cpress.com.br\/v1\/wp-json\/wp\/v2\/posts"}],"about":[{"href":"https:\/\/www.r2cpress.com.br\/v1\/wp-json\/wp\/v2\/types\/post"}],"author":[{"embeddable":true,"href":"https:\/\/www.r2cpress.com.br\/v1\/wp-json\/wp\/v2\/users\/2"}],"replies":[{"embeddable":true,"href":"https:\/\/www.r2cpress.com.br\/v1\/wp-json\/wp\/v2\/comments?post=7836"}],"version-history":[{"count":2,"href":"https:\/\/www.r2cpress.com.br\/v1\/wp-json\/wp\/v2\/posts\/7836\/revisions"}],"predecessor-version":[{"id":7839,"href":"https:\/\/www.r2cpress.com.br\/v1\/wp-json\/wp\/v2\/posts\/7836\/revisions\/7839"}],"wp:attachment":[{"href":"https:\/\/www.r2cpress.com.br\/v1\/wp-json\/wp\/v2\/media?parent=7836"}],"wp:term":[{"taxonomy":"category","embeddable":true,"href":"https:\/\/www.r2cpress.com.br\/v1\/wp-json\/wp\/v2\/categories?post=7836"},{"taxonomy":"post_tag","embeddable":true,"href":"https:\/\/www.r2cpress.com.br\/v1\/wp-json\/wp\/v2\/tags?post=7836"}],"curies":[{"name":"wp","href":"https:\/\/api.w.org\/{rel}","templated":true}]}}